{"id":226725,"date":"2025-07-04T22:55:10","date_gmt":"2025-07-04T22:55:10","guid":{"rendered":"https:\/\/www.europesays.com\/fr\/226725\/"},"modified":"2025-07-04T22:55:10","modified_gmt":"2025-07-04T22:55:10","slug":"kraken-le-bateau-engage-pour-un-ocean-sans-dechet-fait-escale-a-marseille","status":"publish","type":"post","link":"https:\/\/www.europesays.com\/fr\/226725\/","title":{"rendered":"Kraken, le bateau engag\u00e9 pour un oc\u00e9an sans d\u00e9chet, fait escale \u00e0 Marseille"},"content":{"rendered":"<p>La visite commence sur le pont du bateau, au milieu des cordes et des voiles. Devant quinze personnes, dont une dizaine d\u2019enfants, Nathan, le guide du jour, dresse un sombre tableau\u00a0: \u00ab\u00a0Aujourd\u2019hui, 425\u00a0millions de tonnes de plastique polluent les oc\u00e9ans. C\u2019est l\u2019\u00e9quivalent du poids de l\u2019humanit\u00e9 tout enti\u00e8re.\u00a0\u00bb Le jeune b\u00e9n\u00e9vole ajoute\u00a0: \u00ab\u00a0Les mati\u00e8res plastiques mettent jusqu\u2019\u00e0 1 000 ans \u00e0 se d\u00e9composer, et l\u00e2chent en se fragmentant des additifs tr\u00e8s dangereux.\u00a0\u00bb<\/p>\n<p>Sensibiliser et faire r\u00e9agir sur la pollution des oc\u00e9ans, c\u2019est l\u2019une des missions principales du Kraken. Apr\u00e8s des ann\u00e9es \u00e0 sillonner les mers pour ramasser les d\u00e9chets qui y stagnent, le bateau se recentre aujourd\u2019hui sur la rencontre avec les citoyens. \u00c0 Marseille, \u00ab\u00a0o\u00f9 l\u2019eau est particuli\u00e8rement souill\u00e9e\u00a0\u00bb, pr\u00e9cise Nathan, le Kraken restera tout le mois de juillet &#8211; d\u2019abord sur le Vieux-Port (jusqu\u2019au 13\u00a0juillet), ensuite \u00e0 l\u2019Estaque (du 14 au 21\u00a0juillet) et enfin au Frioul (du 21 au 31\u00a0juillet) &#8211; puis reviendra \u00e0 la fin de l\u2019\u00e9t\u00e9. Dans chaque port, des visites gratuites du bateau (dans le cadre de la manifestation Capital Bleu) sont organis\u00e9es, <a href=\"https:\/\/www.wingsoftheocean.com\/evenement\/\" target=\"_blank\" rel=\"noopener\">sur inscription<\/a>.<\/p>\n<p>R\u00e9duire la production de plastique<strong\/><\/p>\n<p>Au cours de la visite, Nathan insiste\u00a0: \u00ab\u00a0Pour lutter contre la pollution plastique, le recyclage est n\u00e9cessaire, mais pas suffisant.\u00a0\u00bb En effet, seule une partie des plastiques utilis\u00e9s au quotidien sont recyclables, et parmi eux, tous ne seront pas recycl\u00e9s. Faute de pouvoir tous les g\u00e9rer, la France exporte ainsi beaucoup de ses d\u00e9chets vers des pays \u00e9trangers, parfois trop pauvres pour avoir des techniques de recyclage adapt\u00e9es.<\/p>\n<p>\u00ab\u00a0La vraie solution de long terme, c\u2019est de r\u00e9duire notre production de plastique\u00a0\u00bb, ajoute Oph\u00e9lie, charg\u00e9e de projet pour Wings of the Ocean. Sur le bateau, la consommation de plastique est limit\u00e9e au maximum, gr\u00e2ce notamment \u00e0 l\u2019achat de produits en vrac. Les \u00e9quipes b\u00e9n\u00e9voles analysent \u00e9galement les plastiques qu\u2019elles retrouvent sur le littoral. Elles demandent ensuite aux entreprises dont ils sont issus de prendre des mesures concr\u00e8tes pour limiter leur pollution, comme la mise en place de consignes.<\/p>\n<p>De retour sur le pont apr\u00e8s 40 minutes de visite, Aude, venue avec ses trois enfants, est ravie de son apr\u00e8s-midi : \u00ab\u00a0Les enfants ont ador\u00e9 le bateau et ont \u00e9t\u00e9 tr\u00e8s int\u00e9ress\u00e9s par les explications. \u00c0 la maison, on essaye de faire des efforts sur les d\u00e9chets, \u00e7a va s\u00fbrement les motiver.\u00a0\u00bb Enseignante \u00e0 Marseille, Aude se promet de revenir \u00e0 la rentr\u00e9e avec ses \u00e9l\u00e8ves.<\/p>\n<p>Les prochaines escales du Kraken : jusqu\u2019au 13 juillet sur le Vieux-Port, du 14 au 21 juillet \u00e0 l\u2019Estaque, du 21 au 31 juillet au Frioul puis du 22 ao\u00fbt au 29 septembre sur le Vieux-Port.<\/p>\n","protected":false},"excerpt":{"rendered":"La visite commence sur le pont du bateau, au milieu des cordes et des voiles. Devant quinze personnes,&hellip;\n","protected":false},"author":2,"featured_media":226726,"comment_status":"","ping_status":"","sticky":false,"template":"","format":"standard","meta":{"footnotes":""},"categories":[2814],"tags":[17,1111,11,5160,1102,21808,12708,1777,674,1011,27,36511,884,12,12517,471,882,16,25,4561],"class_list":{"0":"post-226725","1":"post","2":"type-post","3":"status-publish","4":"format-standard","5":"has-post-thumbnail","7":"category-marseille","8":"tag-17","9":"tag-actu","10":"tag-actualites","11":"tag-bateau","12":"tag-breakingnews","13":"tag-dechet","14":"tag-engage","15":"tag-eu","16":"tag-europe","17":"tag-fr","18":"tag-france","19":"tag-kraken","20":"tag-marseille","21":"tag-news","22":"tag-ocean","23":"tag-pour","24":"tag-provence-alpes-cote-dazur","25":"tag-region","26":"tag-republique-francaise","27":"tag-sans"},"share_on_mastodon":{"url":"https:\/\/pubeurope.com\/@fr\/114797433544430772","error":""},"_links":{"self":[{"href":"https:\/\/www.europesays.com\/fr\/wp-json\/wp\/v2\/posts\/226725","targetHints":{"allow":["GET"]}}],"collection":[{"href":"https:\/\/www.europesays.com\/fr\/wp-json\/wp\/v2\/posts"}],"about":[{"href":"https:\/\/www.europesays.com\/fr\/wp-json\/wp\/v2\/types\/post"}],"author":[{"embeddable":true,"href":"https:\/\/www.europesays.com\/fr\/wp-json\/wp\/v2\/users\/2"}],"replies":[{"embeddable":true,"href":"https:\/\/www.europesays.com\/fr\/wp-json\/wp\/v2\/comments?post=226725"}],"version-history":[{"count":0,"href":"https:\/\/www.europesays.com\/fr\/wp-json\/wp\/v2\/posts\/226725\/revisions"}],"wp:featuredmedia":[{"embeddable":true,"href":"https:\/\/www.europesays.com\/fr\/wp-json\/wp\/v2\/media\/226726"}],"wp:attachment":[{"href":"https:\/\/www.europesays.com\/fr\/wp-json\/wp\/v2\/media?parent=226725"}],"wp:term":[{"taxonomy":"category","embeddable":true,"href":"https:\/\/www.europesays.com\/fr\/wp-json\/wp\/v2\/categories?post=226725"},{"taxonomy":"post_tag","embeddable":true,"href":"https:\/\/www.europesays.com\/fr\/wp-json\/wp\/v2\/tags?post=226725"}],"curies":[{"name":"wp","href":"https:\/\/api.w.org\/{rel}","templated":true}]}}