{"id":226742,"date":"2025-07-04T23:05:21","date_gmt":"2025-07-04T23:05:21","guid":{"rendered":"https:\/\/www.europesays.com\/fr\/226742\/"},"modified":"2025-07-04T23:05:21","modified_gmt":"2025-07-04T23:05:21","slug":"zelensky-discute-avec-trump-la-russie-bombarde-massivement","status":"publish","type":"post","link":"https:\/\/www.europesays.com\/fr\/226742\/","title":{"rendered":"Zelensky discute avec Trump, la Russie bombarde massivement"},"content":{"rendered":"<p><strong>R\u00e9cap &#8211; \u00ab 20 Minutes \u00bb fait le point pour vous tous les soirs sur le conflit en Ukraine. Ce vendredi, la journ\u00e9e a \u00e9t\u00e9 marqu\u00e9e par d&rsquo;intenses bombardements russes sur l&rsquo;Ukraine et par la conversation Trump-Zelensky<\/strong><\/p>\n<p>Vous avez rat\u00e9 les derniers \u00e9v\u00e9nements sur la <a href=\"https:\/\/www.20minutes.fr\/monde\/ukraine\/?at_medium=RSS%20feed&amp;at_campaign=ynews&amp;utm_source=yahoo&amp;utm_medium=rss&amp;utm_campaign=news_feed&amp;utm_content=in_article_link\" rel=\"nofollow noopener\" target=\"_blank\" data-ylk=\"slk:guerre en Ukraine;elm:context_link;itc:0;sec:content-canvas\" class=\"link \">guerre en Ukraine<\/a> ? 20 Minutes fait le point pour vous tous les soirs. Voici l\u2019essentiel de ce vendredi 4 juillet, 1.227e jour du conflit.<\/p>\n<p>Le fait du jour<\/p>\n<p>L\u2019\u00e9change \u00e9tait tr\u00e8s attendu. Le pr\u00e9sident ukrainien <a href=\"https:\/\/www.20minutes.fr\/monde\/volodymyr-zelensky\/?at_medium=RSS%20feed&amp;at_campaign=ynews&amp;utm_source=yahoo&amp;utm_medium=rss&amp;utm_campaign=news_feed&amp;utm_content=in_article_link\" rel=\"nofollow noopener\" target=\"_blank\" data-ylk=\"slk:Volodymyr Zelensky;elm:context_link;itc:0;sec:content-canvas\" class=\"link \">Volodymyr Zelensky<\/a> a affirm\u00e9 ce vendredi s\u2019\u00eatre mis d\u2019accord avec <a href=\"https:\/\/www.20minutes.fr\/dossier\/donald_trump?at_medium=RSS%20feed&amp;at_campaign=ynews&amp;utm_source=yahoo&amp;utm_medium=rss&amp;utm_campaign=news_feed&amp;utm_content=in_article_link\" rel=\"nofollow noopener\" target=\"_blank\" data-ylk=\"slk:Donald Trump;elm:context_link;itc:0;sec:content-canvas\" class=\"link \">Donald Trump<\/a>, au cours d\u2019un entretien t\u00e9l\u00e9phonique, sur la n\u00e9cessit\u00e9 de \u00ab renforcer la protection \u00bb du ciel ukrainien apr\u00e8s l\u2019attaque russe de drones la plus importante depuis le d\u00e9but de l\u2019invasion en f\u00e9vrier 2022.<\/p>\n<p>A l\u2019issue de sa discussion \u00ab approfondie \u00bb avec son homologue am\u00e9ricain, notamment \u00ab sur les possibilit\u00e9s en mati\u00e8re de d\u00e9fense antia\u00e9rienne \u00bb, Volodymyr Zelensky a annonc\u00e9 qu\u2019ils \u00e9taient \u00ab convenus de travailler ensemble pour renforcer la protection \u00bb de l\u2019espace a\u00e9rien de l\u2019Ukraine. Le chef de l\u2019Etat ukrainien n\u2019a toutefois pas donn\u00e9 plus de pr\u00e9cisions.<\/p>\n<p>La veille, Donald Trump avait parl\u00e9 au t\u00e9l\u00e9phone avec Vladimir Poutine, une conversation qui s\u2019\u00e9tait une nouvelle fois termin\u00e9e sans annonce importante en vue d\u2019un r\u00e8glement du conflit. Preuve de l\u2019impasse dans laquelle se trouvent les pourparlers de paix malgr\u00e9 leur reprise en mai, le pr\u00e9sident am\u00e9ricain a avou\u00e9 jeudi n\u2019avoir fait \u00ab aucun progr\u00e8s \u00bb pendant son entretien avec son homogue russe.<\/p>\n<p>La d\u00e9claration du jour<\/p>\n<blockquote class=\"caas-blockquote\">\n<p>Nous pr\u00e9f\u00e9rons le faire par des moyens diplomatiques. Mais tant que cela ne semble pas possible, nous poursuivons l\u2019op\u00e9ration militaire sp\u00e9ciale<\/p>\n<\/blockquote>\n<p>Le Kremlin a jug\u00e9 ce vendredi, par l\u2019int(&#8230;)<\/p>\n<p><a href=\"https:\/\/www.20minutes.fr\/monde\/ukraine\/4162015-20250704-guerre-ukraine-zelensky-rapproche-trump-russie-bombarde-lourdement?at_medium=RSS%20feed&amp;at_campaign=ynews&amp;utm_source=yahoo&amp;utm_medium=rss&amp;utm_campaign=news_feed&amp;utm_content=read_more_link\" rel=\"nofollow noopener\" target=\"_blank\" data-ylk=\"slk:Lire la suite sur 20minutes;elm:context_link;itc:0;sec:content-canvas\" class=\"link \">Lire la suite sur 20minutes<\/a><\/p>\n<p>\u00c0 lire aussi :<br \/><a href=\"https:\/\/www.20minutes.fr\/monde\/ukraine\/4161956-20250704-guerre-ukraine-quoi-reunion-pays-volontaires-renforcer-defense-kiev?at_medium=RSS%20feed&amp;at_campaign=ynews&amp;utm_source=yahoo&amp;utm_medium=rss&amp;utm_campaign=news_feed&amp;utm_content=related_content_link\" rel=\"nofollow noopener\" target=\"_blank\" data-ylk=\"slk:Guerre en Ukraine : C\u2019est quoi cette r\u00e9union de pays \u00ab volontaires \u00bb pour renforcer la d\u00e9fense de Kiev ?;elm:context_link;itc:0;sec:content-canvas\" class=\"link \">Guerre en Ukraine : C\u2019est quoi cette r\u00e9union de pays \u00ab volontaires \u00bb pour renforcer la d\u00e9fense de Kiev ?<\/a><br \/><a href=\"https:\/\/www.20minutes.fr\/monde\/ukraine\/4161532-20250704-guerre-ukraine-2025-vraiment-celui-tous-dangers-kiev?at_medium=RSS%20feed&amp;at_campaign=ynews&amp;utm_source=yahoo&amp;utm_medium=rss&amp;utm_campaign=news_feed&amp;utm_content=related_content_link\" rel=\"nofollow noopener\" target=\"_blank\" data-ylk=\"slk:Guerre en Ukraine : L\u2019\u00e9t\u00e9 2025 est-il vraiment celui de tous les dangers pour Kiev ?;elm:context_link;itc:0;sec:content-canvas\" class=\"link \">Guerre en Ukraine : L\u2019\u00e9t\u00e9 2025 est-il vraiment celui de tous les dangers pour Kiev ?<\/a><\/p>\n","protected":false},"excerpt":{"rendered":"R\u00e9cap &#8211; \u00ab 20 Minutes \u00bb fait le point pour vous tous les soirs sur le conflit en&hellip;\n","protected":false},"author":2,"featured_media":226743,"comment_status":"","ping_status":"","sticky":false,"template":"","format":"standard","meta":{"footnotes":""},"categories":[1591],"tags":[642,11,75,36290,1887,5493,12,1885,1886,132,220,134],"class_list":{"0":"post-226742","1":"post","2":"type-post","3":"status-publish","4":"format-standard","5":"has-post-thumbnail","7":"category-russie","8":"tag-20-minutes","9":"tag-actualites","10":"tag-donald-trump","11":"tag-entretien-telephonique","12":"tag-federation-de-russie","13":"tag-lukraine","14":"tag-news","15":"tag-russia","16":"tag-russian-federation","17":"tag-russie","18":"tag-ukraine","19":"tag-volodymyr-zelensky"},"share_on_mastodon":{"url":"https:\/\/pubeurope.com\/@fr\/114797472884634759","error":""},"_links":{"self":[{"href":"https:\/\/www.europesays.com\/fr\/wp-json\/wp\/v2\/posts\/226742","targetHints":{"allow":["GET"]}}],"collection":[{"href":"https:\/\/www.europesays.com\/fr\/wp-json\/wp\/v2\/posts"}],"about":[{"href":"https:\/\/www.europesays.com\/fr\/wp-json\/wp\/v2\/types\/post"}],"author":[{"embeddable":true,"href":"https:\/\/www.europesays.com\/fr\/wp-json\/wp\/v2\/users\/2"}],"replies":[{"embeddable":true,"href":"https:\/\/www.europesays.com\/fr\/wp-json\/wp\/v2\/comments?post=226742"}],"version-history":[{"count":0,"href":"https:\/\/www.europesays.com\/fr\/wp-json\/wp\/v2\/posts\/226742\/revisions"}],"wp:featuredmedia":[{"embeddable":true,"href":"https:\/\/www.europesays.com\/fr\/wp-json\/wp\/v2\/media\/226743"}],"wp:attachment":[{"href":"https:\/\/www.europesays.com\/fr\/wp-json\/wp\/v2\/media?parent=226742"}],"wp:term":[{"taxonomy":"category","embeddable":true,"href":"https:\/\/www.europesays.com\/fr\/wp-json\/wp\/v2\/categories?post=226742"},{"taxonomy":"post_tag","embeddable":true,"href":"https:\/\/www.europesays.com\/fr\/wp-json\/wp\/v2\/tags?post=226742"}],"curies":[{"name":"wp","href":"https:\/\/api.w.org\/{rel}","templated":true}]}}