{"id":226750,"date":"2025-07-04T23:09:09","date_gmt":"2025-07-04T23:09:09","guid":{"rendered":"https:\/\/www.europesays.com\/fr\/226750\/"},"modified":"2025-07-04T23:09:09","modified_gmt":"2025-07-04T23:09:09","slug":"euro-f-lallemagne-dompte-la-pologne","status":"publish","type":"post","link":"https:\/\/www.europesays.com\/fr\/226750\/","title":{"rendered":"Euro (F) : l\u2019Allemagne dompte la Pologne"},"content":{"rendered":"<p>Poursuite de l\u2019Euro f\u00e9minin ce vendredi soir. Dans le groupe C, la Su\u00e8de avait lanc\u00e9 la journ\u00e9e en s\u2019imposant face au Danemark (0-1). Ce soir, l\u2019Allemagne, favori du groupe, n\u2019avait pas le droit \u00e0 l\u2019erreur contre la <a href=\"https:\/\/www.footmercato.net\/selection\/poland-feminine\/\" rel=\"nofollow noopener\" target=\"_blank\">Pologne<\/a>. Et au terme d\u2019un match ma\u00eetris\u00e9, les joueuses allemandes n\u2019ont pas trembl\u00e9 pour aller chercher un succ\u00e8s inaugural. <\/p>\n<p>            La suite apr\u00e8s cette publicit\u00e9<\/p>\n<p>Apr\u00e8s une premi\u00e8re p\u00e9riode ma\u00eetris\u00e9e, mais sans but, c\u2019est Julia Brand, nouvelle joueuse d\u2019OL Lyonnes, qui a donn\u00e9 l\u2019avantage aux Allemandes d\u2019une superbe frappe du gauche en pleine lucarne (0-1, 52e). Dans la foul\u00e9e, cette m\u00eame Brand a servi sur un plateau L\u00e9a Sch\u00fcller qui n\u2019avait plus qu\u2019\u00e0 conclure pour offrir deux buts d\u2019avance \u00e0 l\u2019Allemagne. Le score n\u2019a plus \u00e9volu\u00e9 par la suite. Avec ce succ\u00e8s bien construit, <a href=\"https:\/\/www.footmercato.net\/europe\/euro-feminin\/classement\" rel=\"nofollow noopener\" target=\"_blank\">l\u2019Allemagne s\u2019empare d\u00e9j\u00e0 de la premi\u00e8re place<\/a> du groupe C.<\/p>\n<p>\n    Pub. le 04\/07\/2025 22:56<br \/>\n            &#8211; MAJ le 05\/07\/2025 00:48\n    <\/p>\n","protected":false},"excerpt":{"rendered":"Poursuite de l\u2019Euro f\u00e9minin ce vendredi soir. Dans le groupe C, la Su\u00e8de avait lanc\u00e9 la journ\u00e9e en&hellip;\n","protected":false},"author":2,"featured_media":226751,"comment_status":"","ping_status":"","sticky":false,"template":"","format":"standard","meta":{"footnotes":""},"categories":[1587],"tags":[11,672,1804,1805,1803,1777,674,1801,12,1802],"class_list":{"0":"post-226750","1":"post","2":"type-post","3":"status-publish","4":"format-standard","5":"has-post-thumbnail","7":"category-allemagne","8":"tag-actualites","9":"tag-allemagne","10":"tag-bundesrepublik-deutschland","11":"tag-de","12":"tag-deutschland","13":"tag-eu","14":"tag-europe","15":"tag-germany","16":"tag-news","17":"tag-republique-federale-dallemagne"},"share_on_mastodon":{"url":"https:\/\/pubeurope.com\/@fr\/114797488591333477","error":""},"_links":{"self":[{"href":"https:\/\/www.europesays.com\/fr\/wp-json\/wp\/v2\/posts\/226750","targetHints":{"allow":["GET"]}}],"collection":[{"href":"https:\/\/www.europesays.com\/fr\/wp-json\/wp\/v2\/posts"}],"about":[{"href":"https:\/\/www.europesays.com\/fr\/wp-json\/wp\/v2\/types\/post"}],"author":[{"embeddable":true,"href":"https:\/\/www.europesays.com\/fr\/wp-json\/wp\/v2\/users\/2"}],"replies":[{"embeddable":true,"href":"https:\/\/www.europesays.com\/fr\/wp-json\/wp\/v2\/comments?post=226750"}],"version-history":[{"count":0,"href":"https:\/\/www.europesays.com\/fr\/wp-json\/wp\/v2\/posts\/226750\/revisions"}],"wp:featuredmedia":[{"embeddable":true,"href":"https:\/\/www.europesays.com\/fr\/wp-json\/wp\/v2\/media\/226751"}],"wp:attachment":[{"href":"https:\/\/www.europesays.com\/fr\/wp-json\/wp\/v2\/media?parent=226750"}],"wp:term":[{"taxonomy":"category","embeddable":true,"href":"https:\/\/www.europesays.com\/fr\/wp-json\/wp\/v2\/categories?post=226750"},{"taxonomy":"post_tag","embeddable":true,"href":"https:\/\/www.europesays.com\/fr\/wp-json\/wp\/v2\/tags?post=226750"}],"curies":[{"name":"wp","href":"https:\/\/api.w.org\/{rel}","templated":true}]}}