{"id":226768,"date":"2025-07-04T23:23:11","date_gmt":"2025-07-04T23:23:11","guid":{"rendered":"https:\/\/www.europesays.com\/fr\/226768\/"},"modified":"2025-07-04T23:23:11","modified_gmt":"2025-07-04T23:23:11","slug":"angel-gomes-sest-officiellement-engage-jusquen-2028","status":"publish","type":"post","link":"https:\/\/www.europesays.com\/fr\/226768\/","title":{"rendered":"Angel Gomes s&rsquo;est officiellement engag\u00e9 jusqu&rsquo;en 2028"},"content":{"rendered":"<p>L&rsquo;annonce n&rsquo;apporte aucun scoop, elle n&rsquo;est qu&rsquo;une formalit\u00e9 pour le joueur dont l&rsquo;arriv\u00e9e \u00e9tait <a href=\"https:\/\/www.laprovence.com\/article\/om\/10750733600485\/mercato-om-angel-gomes-attendu-pour-passer-la-visite-medicale-avant-son-arrivee\" target=\"_blank\" rel=\"nofollow noopener\">act\u00e9e en coulisses depuis un mois<\/a>. L&rsquo;OM a annonc\u00e9 officiellement la signature d&rsquo;<a href=\"https:\/\/www.laprovence.com\/article\/om\/56294757751559\/mercato-angel-gomes-est-pret-pour-relever-le-challenge-propose-par-lom-juge-lun-de-ses-anciens-entraineurs-au-portugal\" target=\"_blank\" rel=\"nofollow noopener\">Angel Gomes<\/a> ce vendredi soir sur ses r\u00e9seaux sociaux, avec un contrat qui court jusqu&rsquo;en 2028.<\/p>\n<p>L&rsquo;Anglais de 24 ans repr\u00e9sente un bon coup pour la direction olympienne : libre de tout contrat depuis la fin de son bail avec Lille le 30 juin, o\u00f9 il \u00e9voluait depuis 4 saisons, le milieu de terrain est capable d&rsquo;\u00e9voluer \u00e0 tous les postes de l&rsquo;entrejeu, de r\u00e9cup\u00e9rateur \u00e0 meneur, <a href=\"https:\/\/www.laprovence.com\/article\/om\/27317132256464\/om-angel-gomes-va-integrer-tres-vite-ce-que-de-zerbi-va-lui-demander-predit-son-ex-coach-jocelyn-gourvennec\" target=\"_blank\" rel=\"nofollow noopener\">une aubaine pour Roberto De Zerbi<\/a> qui va devoir g\u00e9rer des rotations avec le retour de la Ligue des champions, avec de pr\u00e9f\u00e9rence un sch\u00e9ma en 4-2-3-1.<\/p>\n<p>D&rsquo;autres nouveaut\u00e9s sont d\u00e9sormais attendues apr\u00e8s les signatures de l&rsquo;ancien Lillois, de Facundo Medina et de CJ Egan Riley et l&rsquo;OM travaille dans l&rsquo;ombre en explorant d&rsquo;autres bonnes affaires.<\/p>\n","protected":false},"excerpt":{"rendered":"L&rsquo;annonce n&rsquo;apporte aucun scoop, elle n&rsquo;est qu&rsquo;une formalit\u00e9 pour le joueur dont l&rsquo;arriv\u00e9e \u00e9tait act\u00e9e en coulisses depuis&hellip;\n","protected":false},"author":2,"featured_media":226769,"comment_status":"","ping_status":"","sticky":false,"template":"","format":"standard","meta":{"footnotes":""},"categories":[1410],"tags":[17,30329,12708,63,1011,27,36512,1434,11137,149,17395,60],"class_list":{"0":"post-226768","1":"post","2":"type-post","3":"status-publish","4":"format-standard","5":"has-post-thumbnail","7":"category-football","8":"tag-17","9":"tag-angel","10":"tag-engage","11":"tag-football","12":"tag-fr","13":"tag-france","14":"tag-gomes","15":"tag-mercato","16":"tag-officiellement","17":"tag-om","18":"tag-sest","19":"tag-sports"},"share_on_mastodon":{"url":"https:\/\/pubeurope.com\/@fr\/114797543657291592","error":""},"_links":{"self":[{"href":"https:\/\/www.europesays.com\/fr\/wp-json\/wp\/v2\/posts\/226768","targetHints":{"allow":["GET"]}}],"collection":[{"href":"https:\/\/www.europesays.com\/fr\/wp-json\/wp\/v2\/posts"}],"about":[{"href":"https:\/\/www.europesays.com\/fr\/wp-json\/wp\/v2\/types\/post"}],"author":[{"embeddable":true,"href":"https:\/\/www.europesays.com\/fr\/wp-json\/wp\/v2\/users\/2"}],"replies":[{"embeddable":true,"href":"https:\/\/www.europesays.com\/fr\/wp-json\/wp\/v2\/comments?post=226768"}],"version-history":[{"count":0,"href":"https:\/\/www.europesays.com\/fr\/wp-json\/wp\/v2\/posts\/226768\/revisions"}],"wp:featuredmedia":[{"embeddable":true,"href":"https:\/\/www.europesays.com\/fr\/wp-json\/wp\/v2\/media\/226769"}],"wp:attachment":[{"href":"https:\/\/www.europesays.com\/fr\/wp-json\/wp\/v2\/media?parent=226768"}],"wp:term":[{"taxonomy":"category","embeddable":true,"href":"https:\/\/www.europesays.com\/fr\/wp-json\/wp\/v2\/categories?post=226768"},{"taxonomy":"post_tag","embeddable":true,"href":"https:\/\/www.europesays.com\/fr\/wp-json\/wp\/v2\/tags?post=226768"}],"curies":[{"name":"wp","href":"https:\/\/api.w.org\/{rel}","templated":true}]}}