{"id":226770,"date":"2025-07-04T23:24:10","date_gmt":"2025-07-04T23:24:10","guid":{"rendered":"https:\/\/www.europesays.com\/fr\/226770\/"},"modified":"2025-07-04T23:24:10","modified_gmt":"2025-07-04T23:24:10","slug":"cette-photo-insolite-de-ses-enfants-avec-des-cahiers-de-vacances-francais","status":"publish","type":"post","link":"https:\/\/www.europesays.com\/fr\/226770\/","title":{"rendered":"cette photo insolite de ses enfants avec des cahiers de vacances fran\u00e7ais"},"content":{"rendered":"<p>Incollables ! Apr\u00e8s un passage en France \u00e0 l&rsquo;occasion de la Fashion Week, <a href=\"https:\/\/www.laprovence.com\/article\/societe\/1322202664477715\/rihanna-et-a-ap-rocky-revelent-quils-attendent-un-troisieme-enfant-a-loccasion-du-met-gala\" target=\"_blank\" rel=\"noopener\">Rihanna <\/a>a d\u00e9cid\u00e9 de rendre ses enfants \u00ab\u00a0incollables\u00a0\u00bb sur la culture g\u00e9n\u00e9rale fran\u00e7aise.<\/p>\n<p>Dans un post-publi\u00e9 sur son compte Instagram, la maman de RZA et Riot a partag\u00e9 avec ses millions de fans une photo sur la route de ses deux enfants avec un cahier de vacances des \u00ab\u00a0Incollables\u00a0\u00bb, en fran\u00e7ais.<\/p>\n<p>\u00ab\u00a0Ils n&rsquo;en ont rien \u00e0 faire de moi pendant ce road-trip\u00a0\u00bb, ajoute la chanteuse, qui attend un troisi\u00e8me enfant avec l&rsquo;artiste<a href=\"https:\/\/www.laprovence.com\/article\/faits-divers-justice\/7846228915322314\/le-rappeur-americain-a-ap-rocky-relaxe-dans-son-proces-pour-agression-avec-arme\" target=\"_blank\" rel=\"noopener\"> A$AP Rocky,<\/a> dans son post en l\u00e9gende.\u00a0<\/p>\n<p>Le fameux\u00a0cahier de vacances, niveau passage de la grande section au CP, est disponible en librairie pour 3,99 euros. L&rsquo;apprentissage du fran\u00e7ais pour les fils du couple Rihanna A$AP Rocky est-il un indice sur une future installation de la famille dans le pays ? Affaire \u00e0 suivre.<\/p>\n","protected":false},"excerpt":{"rendered":"Incollables ! Apr\u00e8s un passage en France \u00e0 l&rsquo;occasion de la Fashion Week, Rihanna a d\u00e9cid\u00e9 de rendre&hellip;\n","protected":false},"author":2,"featured_media":226771,"comment_status":"","ping_status":"","sticky":false,"template":"","format":"standard","meta":{"footnotes":""},"categories":[1359],"tags":[17,3396,3477,58,1719,59,1011,27,1757,973,2745,5418,2407,104],"class_list":{"0":"post-226770","1":"post","2":"type-post","3":"status-publish","4":"format-standard","5":"has-post-thumbnail","7":"category-people","8":"tag-17","9":"tag-avec","10":"tag-cette","11":"tag-divertissement","12":"tag-enfants","13":"tag-entertainment","14":"tag-fr","15":"tag-france","16":"tag-insolite","17":"tag-people","18":"tag-photo","19":"tag-rihanna","20":"tag-ses","21":"tag-societe"},"share_on_mastodon":{"url":"https:\/\/pubeurope.com\/@fr\/114797547691717168","error":""},"_links":{"self":[{"href":"https:\/\/www.europesays.com\/fr\/wp-json\/wp\/v2\/posts\/226770","targetHints":{"allow":["GET"]}}],"collection":[{"href":"https:\/\/www.europesays.com\/fr\/wp-json\/wp\/v2\/posts"}],"about":[{"href":"https:\/\/www.europesays.com\/fr\/wp-json\/wp\/v2\/types\/post"}],"author":[{"embeddable":true,"href":"https:\/\/www.europesays.com\/fr\/wp-json\/wp\/v2\/users\/2"}],"replies":[{"embeddable":true,"href":"https:\/\/www.europesays.com\/fr\/wp-json\/wp\/v2\/comments?post=226770"}],"version-history":[{"count":0,"href":"https:\/\/www.europesays.com\/fr\/wp-json\/wp\/v2\/posts\/226770\/revisions"}],"wp:featuredmedia":[{"embeddable":true,"href":"https:\/\/www.europesays.com\/fr\/wp-json\/wp\/v2\/media\/226771"}],"wp:attachment":[{"href":"https:\/\/www.europesays.com\/fr\/wp-json\/wp\/v2\/media?parent=226770"}],"wp:term":[{"taxonomy":"category","embeddable":true,"href":"https:\/\/www.europesays.com\/fr\/wp-json\/wp\/v2\/categories?post=226770"},{"taxonomy":"post_tag","embeddable":true,"href":"https:\/\/www.europesays.com\/fr\/wp-json\/wp\/v2\/tags?post=226770"}],"curies":[{"name":"wp","href":"https:\/\/api.w.org\/{rel}","templated":true}]}}