{"id":226774,"date":"2025-07-04T23:26:10","date_gmt":"2025-07-04T23:26:10","guid":{"rendered":"https:\/\/www.europesays.com\/fr\/226774\/"},"modified":"2025-07-04T23:26:10","modified_gmt":"2025-07-04T23:26:10","slug":"yahia-belaskri-aroa-moreno-duran-laure-murat-liberation","status":"publish","type":"post","link":"https:\/\/www.europesays.com\/fr\/226774\/","title":{"rendered":"Yahia Belaskri, Aroa Moreno Dur\u00e1n, Laure Murat&#8230; \u2013 Lib\u00e9ration"},"content":{"rendered":"<p class=\"sc-ksZaOG ehjQrN text-element\">Le g\u00e9nocide des Arm\u00e9niens en 1915 n\u2019est pas la premi\u00e8re tuerie de masse perp\u00e9tr\u00e9e par les autorit\u00e9s turques. Le nouveau roman de Yahia Belaskri (Le Silence des dieux, Zulma, 2023) remonte six ans auparavant, lors des massacres d\u2019avril 1909 \u00e0 Adana et Alep. Maritsa, une m\u00e9decin de Constantinople envoy\u00e9e sur place par une organisation humanitaire, raconte dans un carnet fictif l\u2019horreur de l\u2019attaque. \u00abTel un orage meurtrier dans un ciel sans nuage, tout s\u2019embrase.\u00bb La jeune femme et le p\u00e8re Burak, officiant au monast\u00e8re d\u2019Adana avant sa destruction, se lancent sur les routes et fuient vers l\u2019Est jusqu\u2019\u00e0 Samarcande, dans l\u2019actuel Ouzb\u00e9kistan. Maritsa d\u00e9crit le tumulte politique dont elle est t\u00e9moin, manifeste dans tout l\u2019empire ottoman. Sa voix se m\u00eale \u00e0 celles de femmes anonymes, dont les chants po\u00e9tiques s\u2019\u00e9l\u00e8vent au-dessus du chaos. <b>M. Si.<\/b> <\/p>\n<p class=\"sc-ksZaOG ehjQrN text-element\">Trois femmes basques espagnoles, pauvres, sont r\u00e9unies dans une m\u00eame maison : la grand-m\u00e8re, (Ruth), la fille (Adriana) et la petite-fille (Adirane) qui vient filmer et interroger sa grand-m\u00e8re sur son pass\u00e9. Adriana et Adirane ne se sont pas vues depuis cinq ans pour une raison que le lecteur d\u00e9couvre peu \u00e0 peu. Les chapitres alternent les points de vue de chacune d\u2019entre elles ; chacune garde des secrets. Ce roman sur le d\u00e9sir d\u2019enfant, la maternit\u00e9, et la fa\u00e7on dont l\u2019Histoire \u00adcolore un comportement maternel est le deuxi\u00e8me de Aroa Moreno Dur\u00e1n, n\u00e9e en 1981. Il \u00e9voque en pointill\u00e9 l\u2019histoire de l\u2019Espagne des \u00adann\u00e9e<\/p>\n","protected":false},"excerpt":{"rendered":"Le g\u00e9nocide des Arm\u00e9niens en 1915 n\u2019est pas la premi\u00e8re tuerie de masse perp\u00e9tr\u00e9e par les autorit\u00e9s turques.&hellip;\n","protected":false},"author":2,"featured_media":226775,"comment_status":"","ping_status":"","sticky":false,"template":"","format":"standard","meta":{"footnotes":""},"categories":[1357],"tags":[1379,10488,58,59,1011,27,1380],"class_list":{"0":"post-226774","1":"post","2":"type-post","3":"status-publish","4":"format-standard","5":"has-post-thumbnail","7":"category-livres","8":"tag-books","9":"tag-cahier-livres","10":"tag-divertissement","11":"tag-entertainment","12":"tag-fr","13":"tag-france","14":"tag-livres"},"share_on_mastodon":{"url":"https:\/\/pubeurope.com\/@fr\/114797555505518221","error":""},"_links":{"self":[{"href":"https:\/\/www.europesays.com\/fr\/wp-json\/wp\/v2\/posts\/226774","targetHints":{"allow":["GET"]}}],"collection":[{"href":"https:\/\/www.europesays.com\/fr\/wp-json\/wp\/v2\/posts"}],"about":[{"href":"https:\/\/www.europesays.com\/fr\/wp-json\/wp\/v2\/types\/post"}],"author":[{"embeddable":true,"href":"https:\/\/www.europesays.com\/fr\/wp-json\/wp\/v2\/users\/2"}],"replies":[{"embeddable":true,"href":"https:\/\/www.europesays.com\/fr\/wp-json\/wp\/v2\/comments?post=226774"}],"version-history":[{"count":0,"href":"https:\/\/www.europesays.com\/fr\/wp-json\/wp\/v2\/posts\/226774\/revisions"}],"wp:featuredmedia":[{"embeddable":true,"href":"https:\/\/www.europesays.com\/fr\/wp-json\/wp\/v2\/media\/226775"}],"wp:attachment":[{"href":"https:\/\/www.europesays.com\/fr\/wp-json\/wp\/v2\/media?parent=226774"}],"wp:term":[{"taxonomy":"category","embeddable":true,"href":"https:\/\/www.europesays.com\/fr\/wp-json\/wp\/v2\/categories?post=226774"},{"taxonomy":"post_tag","embeddable":true,"href":"https:\/\/www.europesays.com\/fr\/wp-json\/wp\/v2\/tags?post=226774"}],"curies":[{"name":"wp","href":"https:\/\/api.w.org\/{rel}","templated":true}]}}