{"id":226778,"date":"2025-07-04T23:28:11","date_gmt":"2025-07-04T23:28:11","guid":{"rendered":"https:\/\/www.europesays.com\/fr\/226778\/"},"modified":"2025-07-04T23:28:11","modified_gmt":"2025-07-04T23:28:11","slug":"pascal-obispo-enchante-7-000-personnes-au-parc-de-blossac","status":"publish","type":"post","link":"https:\/\/www.europesays.com\/fr\/226778\/","title":{"rendered":"Pascal Obispo enchante 7.000 personnes au parc de Blossac"},"content":{"rendered":"<p>\u00ab J\u2019ai accouch\u00e9 de ma fille sur la chanson Mill\u00e9sime de Pascal Obispo, il y a 23\u00a0ans. \u00bb \u00c0 l\u2019image de Karine, des fans\u00a0\u2013 des vraies\u00a0\u2013 s\u2019\u00e9taient donn\u00e9es rendez-vous ce vendredi 4\u00a0juillet 2025 au parc de Blossac \u00e0 Poitiers pour <a target=\"_self\" href=\"https:\/\/www.lanouvellerepublique.fr\/poitiers\/poitiers-apres-la-venue-de-pascal-obispo-a-blossac-cinq-concerts-auront-lieu-dans-les-quartiers-cet-ete-1751461939\" rel=\"noopener\">le concert gratuit de Pascal Obispo<\/a>. L\u2019occasion pour lui de c\u00e9l\u00e9brer ses 30\u00a0ans de carri\u00e8re dans le cadre de sa tourn\u00e9e anniversaire Correspondances.<\/p>\n<p>\u00ab\u00a0Je l\u2019ai vu \u00e0 l\u2019Arena, au palais des congr\u00e8s, au parc des expos et \u00e0 Blossac\u00a0\u00bb<\/p>\n<p>Trente ans, c\u2019est autant d\u2019ann\u00e9es de passion pour ses nombreuses fans. Parmi elles, Christelle ne rate jamais un passage de l\u2019artiste dans la Vienne. \u00ab\u00a0Je l\u2019ai vu \u00e0 l\u2019Arena Futuroscope, au palais des congr\u00e8s, au parc des expositions et aujourd\u2019hui \u00e0 Blossac\u00a0\u00bb, liste l\u2019habitante de Lhommaiz\u00e9&#8230;. <\/p>\n<p>    Cet article a \u00e9t\u00e9 tronqu\u00e9. Abonnez-vous pour lire l&rsquo;article complet sur notre site.<\/p>\n<p style=\"margin: 0 !important; padding: 0 !important; font-size: 12px !important;\">Cet article a \u00e9t\u00e9 tronqu\u00e9. Abonnez-vous pour lire l&rsquo;article complet.<\/p>\n<p>    <a href=\"https:\/\/www.lanouvellerepublique.fr\/abonnements\" style=\"display: inline-block; margin-top: 5px !important; padding: 6px 12px !important; background: #cb1c27; color: white; text-decoration: none; border-radius: 4px; font-size: 12px !important;\" target=\"_blank\" rel=\"noopener\"><br \/>\n      S&rsquo;abonner<br \/>\n    <\/a><\/p>\n","protected":false},"excerpt":{"rendered":"\u00ab J\u2019ai accouch\u00e9 de ma fille sur la chanson Mill\u00e9sime de Pascal Obispo, il y a 23\u00a0ans. \u00bb&hellip;\n","protected":false},"author":2,"featured_media":226779,"comment_status":"","ping_status":"","sticky":false,"template":"","format":"standard","meta":{"footnotes":""},"categories":[1355],"tags":[1392,4156,58,59,1011,27,1393,1361,873,1698,1653,1584],"class_list":{"0":"post-226778","1":"post","2":"type-post","3":"status-publish","4":"format-standard","5":"has-post-thumbnail","7":"category-musique","8":"tag-a-la-une-local","9":"tag-concerts","10":"tag-divertissement","11":"tag-entertainment","12":"tag-fr","13":"tag-france","14":"tag-loisirs","15":"tag-music","16":"tag-musique","17":"tag-musiques","18":"tag-poitiers","19":"tag-vienne"},"share_on_mastodon":{"url":"https:\/\/pubeurope.com\/@fr\/114797563421858277","error":""},"_links":{"self":[{"href":"https:\/\/www.europesays.com\/fr\/wp-json\/wp\/v2\/posts\/226778","targetHints":{"allow":["GET"]}}],"collection":[{"href":"https:\/\/www.europesays.com\/fr\/wp-json\/wp\/v2\/posts"}],"about":[{"href":"https:\/\/www.europesays.com\/fr\/wp-json\/wp\/v2\/types\/post"}],"author":[{"embeddable":true,"href":"https:\/\/www.europesays.com\/fr\/wp-json\/wp\/v2\/users\/2"}],"replies":[{"embeddable":true,"href":"https:\/\/www.europesays.com\/fr\/wp-json\/wp\/v2\/comments?post=226778"}],"version-history":[{"count":0,"href":"https:\/\/www.europesays.com\/fr\/wp-json\/wp\/v2\/posts\/226778\/revisions"}],"wp:featuredmedia":[{"embeddable":true,"href":"https:\/\/www.europesays.com\/fr\/wp-json\/wp\/v2\/media\/226779"}],"wp:attachment":[{"href":"https:\/\/www.europesays.com\/fr\/wp-json\/wp\/v2\/media?parent=226778"}],"wp:term":[{"taxonomy":"category","embeddable":true,"href":"https:\/\/www.europesays.com\/fr\/wp-json\/wp\/v2\/categories?post=226778"},{"taxonomy":"post_tag","embeddable":true,"href":"https:\/\/www.europesays.com\/fr\/wp-json\/wp\/v2\/tags?post=226778"}],"curies":[{"name":"wp","href":"https:\/\/api.w.org\/{rel}","templated":true}]}}