{"id":226793,"date":"2025-07-04T23:37:14","date_gmt":"2025-07-04T23:37:14","guid":{"rendered":"https:\/\/www.europesays.com\/fr\/226793\/"},"modified":"2025-07-04T23:37:14","modified_gmt":"2025-07-04T23:37:14","slug":"laisse-seul-dans-une-voiture-en-pleine-chaleur-un-nourrisson-libere-par-des-agents-municipaux","status":"publish","type":"post","link":"https:\/\/www.europesays.com\/fr\/226793\/","title":{"rendered":"Laiss\u00e9 seul dans une voiture en pleine chaleur, un nourrisson lib\u00e9r\u00e9 par des agents municipaux"},"content":{"rendered":"<p>La vigilance de deux <a href=\"https:\/\/www.20minutes.fr\/dossier\/police_municipale\" target=\"_blank\" class=\"color-ultramarine c-link\" rel=\"nofollow noopener\">agents de surveillance de la voie publique<\/a> a permis d\u2019\u00e9viter le pire ce jeudi \u00e0 Drap, pr\u00e8s de Nice, dans les <a href=\"https:\/\/www.20minutes.fr\/societe\/alpes-maritimes\/\" target=\"_blank\" class=\"color-ultramarine c-link\" rel=\"nofollow noopener\">Alpes-Maritimes<\/a>. Alors qu\u2019ils patrouillaient aux abords de l\u2019\u00e9cole Romain-Knecht vers 16h20, les fonctionnaires ont aper\u00e7u un <a href=\"https:\/\/www.20minutes.fr\/dossier\/nourrisson\" target=\"_blank\" class=\"color-ultramarine c-link\" rel=\"nofollow noopener\">nourrisson<\/a> seul \u00e0 l\u2019int\u00e9rieur d\u2019un v\u00e9hicule stationn\u00e9, les vitres \u00e0 peine entrouvertes, en pleine canicule. Le b\u00e9b\u00e9, visiblement en souffrance, commen\u00e7ait d\u00e9j\u00e0 \u00e0 transpirer dans l\u2019habitacle \u00e9touffant, selon les informations de <a href=\"https:\/\/www.bfmtv.com\/cote-d-azur\/drap-un-nourrisson-laisse-dans-une-voiture-en-pleine-chaleur-sauve-par-deux-agents_AN-202507040508.html\" rel=\"nofollow noopener\" target=\"_blank\" class=\"color-ultramarine c-link\">BFMTV<\/a>.<\/p>\n<p>Face \u00e0 l\u2019urgence de la situation, les agents n\u2019ont pas h\u00e9sit\u00e9 \u00e0 forcer l\u2019ouverture du v\u00e9hicule pour extraire l\u2019enfant. Une d\u00e9cision rapide qui, selon le maire de la commune, a \u00e9t\u00e9 d\u00e9terminante alors qu\u2019il faisait \u00ab\u00a039 degr\u00e9s\u00a0\u00bb dehors. \u00ab\u00a0Leur r\u00e9activit\u00e9 a sans doute \u00e9vit\u00e9 le pire\u00a0\u00bb, a salu\u00e9 <a href=\"https:\/\/www.facebook.com\/photo\/?fbid=2739508269582029&amp;set=a.258408617692019\" rel=\"nofollow noopener\" target=\"_blank\" class=\"color-ultramarine c-link\">Robert Nardelli sur sa page Facebook<\/a>, appelant \u00e0 la responsabilit\u00e9 de chacun face aux dangers de la chaleur en voiture.<\/p>\n<\/p>\n<p>La m\u00e8re sera prochainement entendue<\/p>\n<p>La <a href=\"https:\/\/www.20minutes.fr\/dossier\/mere\" target=\"_blank\" class=\"color-ultramarine c-link\" rel=\"nofollow noopener\">m\u00e8re<\/a> du nourrisson est revenue sur les lieux vingt minutes apr\u00e8s l\u2019intervention, \u00e0 16h40, sans \u00eatre interpell\u00e9e sur le moment. Elle a quitt\u00e9 les lieux rapidement. Un signalement a toutefois \u00e9t\u00e9 transmis \u00e0 la gendarmerie, qui a ouvert une proc\u00e9dure. La m\u00e8re doit prochainement \u00eatre auditionn\u00e9e par les forces de l\u2019ordre.<\/p>\n<p><a href=\"https:\/\/www.20minutes.fr\/societe\/alpes-maritimes\/\" target=\"_blank\" class=\"c-link c-btn c-btn--primary\" rel=\"nofollow noopener\">Toute l&rsquo;actualit\u00e9 des Alpes-Maritimes<\/a><\/p>\n<p>Ce nouvel incident relance les appels \u00e0 la vigilance alors que la France est touch\u00e9e par de fortes chaleurs. \u00ab\u00a0M\u00eame quelques minutes peuvent suffire \u00e0 faire grimper la temp\u00e9rature dans un v\u00e9hicule ferm\u00e9, avec des cons\u00e9quences dramatiques\u00a0\u00bb, a rappel\u00e9 l\u2019\u00e9lu local sur Facebook. Chaque \u00e9t\u00e9, les autorit\u00e9s rappellent que laisser un enfant \u2013 ou un animal \u2013 seul dans une voiture peut rapidement devenir mortel, m\u00eame lorsque les vitres sont entrouvertes.<\/p>\n","protected":false},"excerpt":{"rendered":"La vigilance de deux agents de surveillance de la voie publique a permis d\u2019\u00e9viter le pire ce jeudi&hellip;\n","protected":false},"author":2,"featured_media":226794,"comment_status":"","ping_status":"","sticky":false,"template":"","format":"standard","meta":{"footnotes":""},"categories":[2],"tags":[47,11,2898,13208,118,1011,27,12,2401,3494,883,882,4752],"class_list":{"0":"post-226793","1":"post","2":"type-post","3":"status-publish","4":"format-standard","5":"has-post-thumbnail","7":"category-actualites","8":"tag-actualite","9":"tag-actualites","10":"tag-alpes-maritimes","11":"tag-chaleur","12":"tag-faits-divers","13":"tag-fr","14":"tag-france","15":"tag-news","16":"tag-nice","17":"tag-nourrisson","18":"tag-paca","19":"tag-provence-alpes-cote-dazur","20":"tag-voiture"},"share_on_mastodon":{"url":"https:\/\/pubeurope.com\/@fr\/114797598734495050","error":""},"_links":{"self":[{"href":"https:\/\/www.europesays.com\/fr\/wp-json\/wp\/v2\/posts\/226793","targetHints":{"allow":["GET"]}}],"collection":[{"href":"https:\/\/www.europesays.com\/fr\/wp-json\/wp\/v2\/posts"}],"about":[{"href":"https:\/\/www.europesays.com\/fr\/wp-json\/wp\/v2\/types\/post"}],"author":[{"embeddable":true,"href":"https:\/\/www.europesays.com\/fr\/wp-json\/wp\/v2\/users\/2"}],"replies":[{"embeddable":true,"href":"https:\/\/www.europesays.com\/fr\/wp-json\/wp\/v2\/comments?post=226793"}],"version-history":[{"count":0,"href":"https:\/\/www.europesays.com\/fr\/wp-json\/wp\/v2\/posts\/226793\/revisions"}],"wp:featuredmedia":[{"embeddable":true,"href":"https:\/\/www.europesays.com\/fr\/wp-json\/wp\/v2\/media\/226794"}],"wp:attachment":[{"href":"https:\/\/www.europesays.com\/fr\/wp-json\/wp\/v2\/media?parent=226793"}],"wp:term":[{"taxonomy":"category","embeddable":true,"href":"https:\/\/www.europesays.com\/fr\/wp-json\/wp\/v2\/categories?post=226793"},{"taxonomy":"post_tag","embeddable":true,"href":"https:\/\/www.europesays.com\/fr\/wp-json\/wp\/v2\/tags?post=226793"}],"curies":[{"name":"wp","href":"https:\/\/api.w.org\/{rel}","templated":true}]}}