{"id":226800,"date":"2025-07-04T23:41:16","date_gmt":"2025-07-04T23:41:16","guid":{"rendered":"https:\/\/www.europesays.com\/fr\/226800\/"},"modified":"2025-07-04T23:41:16","modified_gmt":"2025-07-04T23:41:16","slug":"solene-gicquel-remporte-le-concours-de-la-hauteur-mael-gouyette-signe-sa-meilleure-perf-de-lannee-sur-1-500-m-au-meeting-de-nancy","status":"publish","type":"post","link":"https:\/\/www.europesays.com\/fr\/226800\/","title":{"rendered":"Sol\u00e8ne Gicquel remporte le concours de la hauteur, Ma\u00ebl Gouyette signe sa meilleure perf de l\u2019ann\u00e9e sur 1\u00a0500\u00a0m au meeting de Nancy"},"content":{"rendered":"<p>Tranquille Sol\u00e8ne Gicquel. Vendredi, sur le meeting de Nancy, la Rennaise a remport\u00e9 le concours de la hauteur sans avoir \u00e0 forcer son talent. En effa\u00e7ant une barre \u00e0 1,84 m \u00e0 sa deuxi\u00e8me tentative, la licenci\u00e9e au Stade Rennais a \u00e9cart\u00e9 Lola Picard (Nancy), la seule \u00e0 passer \u00e0 1,80 m.<\/p>\n<p>Apr\u00e8s avoir pass\u00e9 1,88 m \u00e0 Madrid lors des championnats d\u2019Europe par \u00e9quipes, Sol\u00e8ne Gicquel avait \u00e9gal\u00e9 son record de la saison. A Nancy, elle s\u2019est essay\u00e9e \u00e0 1,90 m, pour battre son record personnel en ext\u00e9rieur. Mais l\u2019athl\u00e8te de 30 ans a \u00e9chou\u00e9 sur ses trois tentatives.<\/p>\n<p>Gouyette am\u00e9liore sa meilleure marque de la saison<\/p>\n<p>Au d\u00e9part du 1 500 m\u00e8tres \u00e0 Nancy, Ma\u00ebl Gouyette (Haute Bretagne Athl\u00e9tisme) a termin\u00e9 11e de la finale. Surtout, le Briochin de 26 ans a largement am\u00e9lior\u00e9 sa meilleure marque de la saison, en gagnant plus d\u2019une seconde (3\u201935\u2019\u2019 contre 3\u201936\u2019\u2019 37). Il reste loin de sa meilleure marque en 3\u201932\u2019\u2019 67, \u00e9tablie l\u2019ann\u00e9e derni\u00e8re \u00e0 Nice.<\/p>\n","protected":false},"excerpt":{"rendered":"Tranquille Sol\u00e8ne Gicquel. Vendredi, sur le meeting de Nancy, la Rennaise a remport\u00e9 le concours de la hauteur&hellip;\n","protected":false},"author":2,"featured_media":226801,"comment_status":"","ping_status":"","sticky":false,"template":"","format":"standard","meta":{"footnotes":""},"categories":[9635],"tags":[1111,11,4132,3166,1777,674,1011,27,775,1702,12,25,60],"class_list":{"0":"post-226800","1":"post","2":"type-post","3":"status-publish","4":"format-standard","5":"has-post-thumbnail","7":"category-nancy","8":"tag-actu","9":"tag-actualites","10":"tag-athletisme","11":"tag-en-continu-sports","12":"tag-eu","13":"tag-europe","14":"tag-fr","15":"tag-france","16":"tag-grand-est","17":"tag-nancy","18":"tag-news","19":"tag-republique-francaise","20":"tag-sports"},"share_on_mastodon":{"url":"https:\/\/pubeurope.com\/@fr\/114797614477412446","error":""},"_links":{"self":[{"href":"https:\/\/www.europesays.com\/fr\/wp-json\/wp\/v2\/posts\/226800","targetHints":{"allow":["GET"]}}],"collection":[{"href":"https:\/\/www.europesays.com\/fr\/wp-json\/wp\/v2\/posts"}],"about":[{"href":"https:\/\/www.europesays.com\/fr\/wp-json\/wp\/v2\/types\/post"}],"author":[{"embeddable":true,"href":"https:\/\/www.europesays.com\/fr\/wp-json\/wp\/v2\/users\/2"}],"replies":[{"embeddable":true,"href":"https:\/\/www.europesays.com\/fr\/wp-json\/wp\/v2\/comments?post=226800"}],"version-history":[{"count":0,"href":"https:\/\/www.europesays.com\/fr\/wp-json\/wp\/v2\/posts\/226800\/revisions"}],"wp:featuredmedia":[{"embeddable":true,"href":"https:\/\/www.europesays.com\/fr\/wp-json\/wp\/v2\/media\/226801"}],"wp:attachment":[{"href":"https:\/\/www.europesays.com\/fr\/wp-json\/wp\/v2\/media?parent=226800"}],"wp:term":[{"taxonomy":"category","embeddable":true,"href":"https:\/\/www.europesays.com\/fr\/wp-json\/wp\/v2\/categories?post=226800"},{"taxonomy":"post_tag","embeddable":true,"href":"https:\/\/www.europesays.com\/fr\/wp-json\/wp\/v2\/tags?post=226800"}],"curies":[{"name":"wp","href":"https:\/\/api.w.org\/{rel}","templated":true}]}}