{"id":226804,"date":"2025-07-04T23:44:10","date_gmt":"2025-07-04T23:44:10","guid":{"rendered":"https:\/\/www.europesays.com\/fr\/226804\/"},"modified":"2025-07-04T23:44:10","modified_gmt":"2025-07-04T23:44:10","slug":"previsions-du-samedi-5-juillet-2025","status":"publish","type":"post","link":"https:\/\/www.europesays.com\/fr\/226804\/","title":{"rendered":"pr\u00e9visions du samedi 5 juillet 2025"},"content":{"rendered":"<p>Le soleil sera dominant, la promesse d&rsquo;une magnifique journ\u00e9e \u00e0 Montpellier ! Les temp\u00e9ratures seront comprises entre 24 et 33\u00b0C, un temps r\u00e9solument de saison. La matin\u00e9e va \u00eatre tr\u00e8s chaude : pr\u00e8s de 33\u00b0C. Un vent de nord-ouest soufflera doucement. Prenez garde \u00e0 la vague de chaleur dans l&rsquo;apr\u00e8s-midi. Des valeurs de 32 \u00e0 33\u00b0C sont annonc\u00e9es. Les grosses chaleurs sont install\u00e9es. Avec des temp\u00e9ratures comprises entre 29 et 31\u00b0C. Le ciel sera clair dans la nuit de samedi \u00e0 dimanche.<\/p>\n<p>C&rsquo;est un soleil splendide qui va se montrer demain sur Montpellier. Les temp\u00e9ratures vont chuter de quelques degr\u00e9s. La p\u00e9riode d&rsquo;importantes chaleurs est bien l\u00e0, avec des valeurs qui pourront aller jusqu&rsquo;\u00e0 33\u00b0C. Ce sera un bel \u00e9t\u00e9 : les temp\u00e9ratures afficheront entre 22 et 33\u00b0C. Une modeste brise de nord-ouest sera ressentie par les habitants. La ville va souffrir des fortes chaleurs avec des valeurs qui devraient monter \u00e0 31\u00b0C le matin. L&rsquo;air ambiant va se r\u00e9chauffer demain apr\u00e8s-midi avec une augmentation de plusieurs degr\u00e9s pour un \u00e9t\u00e9 chaud. Les temp\u00e9ratures maximums attendues sont \u00e9lev\u00e9es, avec 33\u00b0C. La ville va subir, demain soir, un passage de grosses chaleurs avec des valeurs qui rejoindront parfois les 31\u00b0C.<\/p>\n<p>Pour la suite, le temps ne changera pas. Un ciel ensoleill\u00e9, pour des temp\u00e9ratures de 29\u00b0C en moyenne, est \u00e0 pr\u00e9voir.<\/p>\n<p>Evitez de vous exposer durant les heures les plus chaudes (entre 12h et 16h), couvrez-vous la t\u00eate, mettez des lunettes de soleil et utilisez une cr\u00e8me solaire adapt\u00e9 !<\/p>\n","protected":false},"excerpt":{"rendered":"Le soleil sera dominant, la promesse d&rsquo;une magnifique journ\u00e9e \u00e0 Montpellier ! Les temp\u00e9ratures seront comprises entre 24&hellip;\n","protected":false},"author":2,"featured_media":226805,"comment_status":"","ping_status":"","sticky":false,"template":"","format":"standard","meta":{"footnotes":""},"categories":[9599],"tags":[1111,11,1777,674,1011,27,7089,2681,2208,12,2680,2119,25],"class_list":{"0":"post-226804","1":"post","2":"type-post","3":"status-publish","4":"format-standard","5":"has-post-thumbnail","7":"category-montpellier","8":"tag-actu","9":"tag-actualites","10":"tag-eu","11":"tag-europe","12":"tag-fr","13":"tag-france","14":"tag-herault","15":"tag-languedoc-roussillon","16":"tag-montpellier","17":"tag-news","18":"tag-occitanie","19":"tag-previsions-meteo","20":"tag-republique-francaise"},"share_on_mastodon":{"url":"https:\/\/pubeurope.com\/@fr\/114797626283750484","error":""},"_links":{"self":[{"href":"https:\/\/www.europesays.com\/fr\/wp-json\/wp\/v2\/posts\/226804","targetHints":{"allow":["GET"]}}],"collection":[{"href":"https:\/\/www.europesays.com\/fr\/wp-json\/wp\/v2\/posts"}],"about":[{"href":"https:\/\/www.europesays.com\/fr\/wp-json\/wp\/v2\/types\/post"}],"author":[{"embeddable":true,"href":"https:\/\/www.europesays.com\/fr\/wp-json\/wp\/v2\/users\/2"}],"replies":[{"embeddable":true,"href":"https:\/\/www.europesays.com\/fr\/wp-json\/wp\/v2\/comments?post=226804"}],"version-history":[{"count":0,"href":"https:\/\/www.europesays.com\/fr\/wp-json\/wp\/v2\/posts\/226804\/revisions"}],"wp:featuredmedia":[{"embeddable":true,"href":"https:\/\/www.europesays.com\/fr\/wp-json\/wp\/v2\/media\/226805"}],"wp:attachment":[{"href":"https:\/\/www.europesays.com\/fr\/wp-json\/wp\/v2\/media?parent=226804"}],"wp:term":[{"taxonomy":"category","embeddable":true,"href":"https:\/\/www.europesays.com\/fr\/wp-json\/wp\/v2\/categories?post=226804"},{"taxonomy":"post_tag","embeddable":true,"href":"https:\/\/www.europesays.com\/fr\/wp-json\/wp\/v2\/tags?post=226804"}],"curies":[{"name":"wp","href":"https:\/\/api.w.org\/{rel}","templated":true}]}}