{"id":226811,"date":"2025-07-04T23:49:11","date_gmt":"2025-07-04T23:49:11","guid":{"rendered":"https:\/\/www.europesays.com\/fr\/226811\/"},"modified":"2025-07-04T23:49:11","modified_gmt":"2025-07-04T23:49:11","slug":"grenoble-le-president-du-crif-a-bien-lu-la-lettre-deric-piolle-et-il-a-des-choses-a-dire","status":"publish","type":"post","link":"https:\/\/www.europesays.com\/fr\/226811\/","title":{"rendered":"Grenoble. Le pr\u00e9sident du Crif a bien lu la lettre d\u2019\u00c9ric Piolle, et il a des choses \u00e0 dire\u2026"},"content":{"rendered":"<p>\u00c9ric Hattab, nouveau pr\u00e9sident du Crif Grenoble-Dauphin\u00e9, a bien lu <a href=\"https:\/\/www.ledauphine.com\/politique\/2025\/07\/02\/isere-grenoble-eric-piolle-ecrit-une-lettre-aux-grenoblois-qui-sonne-deja-comme-un-au-revoir\" target=\"_blank\" rel=\"nofollow noopener\">la lettre d\u2019\u00c9ric Piolle aux Grenoblois,<\/a> dont le Dauphin\u00e9 lib\u00e9r\u00e9 a publi\u00e9 quelques extraits en avant-premi\u00e8re. Et une phrase l\u2019a particuli\u00e8rement interpell\u00e9. Cette phrase du maire parlait de \u00ab\u00a0la guerre ignoble en cours \u00e0 Gaza, nourrie par ceux qui pi\u00e9tinent le droit international\u00a0\u00bb.<\/p>\n<p>Du coup, M.\u00a0Hattab a r\u00e9agi\u00a0: \u00ab\u00a0Je vois que dans sa lettre, M.\u00a0le maire \u00e9voque une question qui ne pr\u00e9sente aucun enjeu municipal. Soit. Mais pourquoi aucune \u00e9vocation des otages retenus par le Hamas\u00a0? J\u2019en suis tr\u00e8s pein\u00e9. Quant au reste de la phrase, sur \u201cceux qui pi\u00e9tinent le droit international\u201d, nous au Crif-Grenoble-Dauphin\u00e9, on la comprend ainsi\u00a0: le maire <a href=\"https:\/\/www.ledauphine.com\/p\/eric-piolle\" target=\"_blank\" rel=\"nofollow noopener\">\u00c9ric Piolle<\/a> doit s\u00fbrement parler de l\u2019organisation terroriste du Hamas.\u00a0\u00bb<\/p>\n","protected":false},"excerpt":{"rendered":"\u00c9ric Hattab, nouveau pr\u00e9sident du Crif Grenoble-Dauphin\u00e9, a bien lu la lettre d\u2019\u00c9ric Piolle aux Grenoblois, dont le&hellip;\n","protected":false},"author":2,"featured_media":226812,"comment_status":"","ping_status":"","sticky":false,"template":"","format":"standard","meta":{"footnotes":""},"categories":[9566],"tags":[1111,11,2430,112,1777,674,1011,27,2731,2732,108,12,316,25],"class_list":{"0":"post-226811","1":"post","2":"type-post","3":"status-publish","4":"format-standard","5":"has-post-thumbnail","7":"category-grenoble","8":"tag-actu","9":"tag-actualites","10":"tag-auvergne-rhone-alpes","11":"tag-edition-grenoble-agglomeration","12":"tag-eu","13":"tag-europe","14":"tag-fr","15":"tag-france","16":"tag-grenoble","17":"tag-grenoble-bassin","18":"tag-isere","19":"tag-news","20":"tag-politique","21":"tag-republique-francaise"},"share_on_mastodon":{"url":"https:\/\/pubeurope.com\/@fr\/114797645895669447","error":""},"_links":{"self":[{"href":"https:\/\/www.europesays.com\/fr\/wp-json\/wp\/v2\/posts\/226811","targetHints":{"allow":["GET"]}}],"collection":[{"href":"https:\/\/www.europesays.com\/fr\/wp-json\/wp\/v2\/posts"}],"about":[{"href":"https:\/\/www.europesays.com\/fr\/wp-json\/wp\/v2\/types\/post"}],"author":[{"embeddable":true,"href":"https:\/\/www.europesays.com\/fr\/wp-json\/wp\/v2\/users\/2"}],"replies":[{"embeddable":true,"href":"https:\/\/www.europesays.com\/fr\/wp-json\/wp\/v2\/comments?post=226811"}],"version-history":[{"count":0,"href":"https:\/\/www.europesays.com\/fr\/wp-json\/wp\/v2\/posts\/226811\/revisions"}],"wp:featuredmedia":[{"embeddable":true,"href":"https:\/\/www.europesays.com\/fr\/wp-json\/wp\/v2\/media\/226812"}],"wp:attachment":[{"href":"https:\/\/www.europesays.com\/fr\/wp-json\/wp\/v2\/media?parent=226811"}],"wp:term":[{"taxonomy":"category","embeddable":true,"href":"https:\/\/www.europesays.com\/fr\/wp-json\/wp\/v2\/categories?post=226811"},{"taxonomy":"post_tag","embeddable":true,"href":"https:\/\/www.europesays.com\/fr\/wp-json\/wp\/v2\/tags?post=226811"}],"curies":[{"name":"wp","href":"https:\/\/api.w.org\/{rel}","templated":true}]}}