{"id":226813,"date":"2025-07-04T23:50:10","date_gmt":"2025-07-04T23:50:10","guid":{"rendered":"https:\/\/www.europesays.com\/fr\/226813\/"},"modified":"2025-07-04T23:50:10","modified_gmt":"2025-07-04T23:50:10","slug":"previsions-du-samedi-5-juillet-2025-2","status":"publish","type":"post","link":"https:\/\/www.europesays.com\/fr\/226813\/","title":{"rendered":"pr\u00e9visions du samedi 5 juillet 2025"},"content":{"rendered":"<p>Aujourd&rsquo;hui, Rennes se retrouvera sous des valeurs autour de 19\u00b0C. Un vent de nord-ouest soufflera un peu, avec 11 km\/h. Le matin, un important soleil rayonnera. Le thermom\u00e8tre affichera 21\u00b0C en moyenne. Le soleil appara\u00eet l\u00e9g\u00e8rement l&rsquo;apr\u00e8s-midi. Ces \u00e9claircies devraient faire plaisir aux habitants. L&rsquo;air ambiant va se r\u00e9chauffer avec une augmentation de quelques degr\u00e9s. Les temp\u00e9ratures seront de 20\u00b0C au plus bas et de 27\u00b0C au plus haut. On s&rsquo;attend \u00e0 une nuit claire entre samedi et dimanche.<\/p>\n<p>Demain, c&rsquo;est une hausse de quelques degr\u00e9s que vont enregistrer les temp\u00e9ratures dans la ville de Rennes. Les valeurs seront comprises entre 13 et 26\u00b0C. Un vent de nord-ouest est pr\u00e9vu : il soufflera \u00e0 20 km\/h. Les nuages en pr\u00e9vision le matin, et un ciel encore maussade. Il faudra s&rsquo;attendre \u00e0 des perturbations, les Rennais se retrouveront sous des pluies \u00e9parses. La m\u00e9t\u00e9o devrait s&rsquo;am\u00e9liorer durant l&rsquo;apr\u00e8s-midi. Un temps plus chaud est pr\u00e9vu \u00e9tant donn\u00e9 que le mercure va conna\u00eetre une l\u00e9g\u00e8re augmentation. Les temp\u00e9ratures iront de 22 \u00e0 26\u00b0C. Le ciel va progressivement se voiler au cours de la soir\u00e9e avec l&rsquo;apparition de l\u00e9gers nuages.<\/p>\n<p>La m\u00e9t\u00e9o restera inchang\u00e9e les prochains jours. Le temps sera ensoleill\u00e9 avec des temp\u00e9ratures avoisinant 24\u00b0C.<\/p>\n<p><\/p>\n","protected":false},"excerpt":{"rendered":"Aujourd&rsquo;hui, Rennes se retrouvera sous des valeurs autour de 19\u00b0C. Un vent de nord-ouest soufflera un peu, avec&hellip;\n","protected":false},"author":2,"featured_media":226814,"comment_status":"","ping_status":"","sticky":false,"template":"","format":"standard","meta":{"footnotes":""},"categories":[2821],"tags":[1111,11,829,1777,674,1011,27,848,12,2119,584,25],"class_list":{"0":"post-226813","1":"post","2":"type-post","3":"status-publish","4":"format-standard","5":"has-post-thumbnail","7":"category-rennes","8":"tag-actu","9":"tag-actualites","10":"tag-bretagne","11":"tag-eu","12":"tag-europe","13":"tag-fr","14":"tag-france","15":"tag-ille-et-vilaine","16":"tag-news","17":"tag-previsions-meteo","18":"tag-rennes","19":"tag-republique-francaise"},"share_on_mastodon":{"url":"https:\/\/pubeurope.com\/@fr\/114797649853925590","error":""},"_links":{"self":[{"href":"https:\/\/www.europesays.com\/fr\/wp-json\/wp\/v2\/posts\/226813","targetHints":{"allow":["GET"]}}],"collection":[{"href":"https:\/\/www.europesays.com\/fr\/wp-json\/wp\/v2\/posts"}],"about":[{"href":"https:\/\/www.europesays.com\/fr\/wp-json\/wp\/v2\/types\/post"}],"author":[{"embeddable":true,"href":"https:\/\/www.europesays.com\/fr\/wp-json\/wp\/v2\/users\/2"}],"replies":[{"embeddable":true,"href":"https:\/\/www.europesays.com\/fr\/wp-json\/wp\/v2\/comments?post=226813"}],"version-history":[{"count":0,"href":"https:\/\/www.europesays.com\/fr\/wp-json\/wp\/v2\/posts\/226813\/revisions"}],"wp:featuredmedia":[{"embeddable":true,"href":"https:\/\/www.europesays.com\/fr\/wp-json\/wp\/v2\/media\/226814"}],"wp:attachment":[{"href":"https:\/\/www.europesays.com\/fr\/wp-json\/wp\/v2\/media?parent=226813"}],"wp:term":[{"taxonomy":"category","embeddable":true,"href":"https:\/\/www.europesays.com\/fr\/wp-json\/wp\/v2\/categories?post=226813"},{"taxonomy":"post_tag","embeddable":true,"href":"https:\/\/www.europesays.com\/fr\/wp-json\/wp\/v2\/tags?post=226813"}],"curies":[{"name":"wp","href":"https:\/\/api.w.org\/{rel}","templated":true}]}}