{"id":226817,"date":"2025-07-04T23:52:10","date_gmt":"2025-07-04T23:52:10","guid":{"rendered":"https:\/\/www.europesays.com\/fr\/226817\/"},"modified":"2025-07-04T23:52:10","modified_gmt":"2025-07-04T23:52:10","slug":"previsions-du-samedi-5-juillet-2025-3","status":"publish","type":"post","link":"https:\/\/www.europesays.com\/fr\/226817\/","title":{"rendered":"pr\u00e9visions du samedi 5 juillet 2025"},"content":{"rendered":"<p>Cette journ\u00e9e rimera avec beau soleil pour Strasbourg. Les valeurs s&rsquo;\u00e9chelonneront entre 15 et 31\u00b0C. Une petite brise de sud-ouest soufflera au cours de la matin\u00e9e. Un temps plus chaud est \u00e0 pr\u00e9voir l&rsquo;apr\u00e8s-midi \u00e9tant donn\u00e9 que les temp\u00e9ratures vont enregistrer une l\u00e9g\u00e8re hausse. Les valeurs \u00e9volueront entre 29 et 31\u2009\u00b0C. Les valeurs iront de 29 \u00e0 31\u00b0C. On pr\u00e9voit des \u00e9claircies pour cette soir\u00e9e. Un ciel limpide est pr\u00e9vu dans la nuit reliant samedi et dimanche.<\/p>\n<p>Demain, une baisse des temp\u00e9ratures est attendue \u00e0 Strasbourg. Les valeurs seront comprises entre 14 et 26\u00b0C. Petits et grands pourront appr\u00e9cier leur matin\u00e9e sous un ciel un peu nuageux. Un vent d&rsquo;ouest soufflera doucement. Le ciel va progressivement s&rsquo;obscurcir durant l&rsquo;apr\u00e8s-midi avec l&rsquo;apparition de nuages. Des pluies \u00e9parses tomberont. Une chute des temp\u00e9ratures est \u00e0 pr\u00e9voir. Les valeurs seront de 17\u00b0C au plus bas et de 21\u00b0C au plus haut. La grisaille ne se disperse toujours pas, il va y avoir encore des nuages demain soir. Un vent de sud soufflera l\u00e9g\u00e8rement, avec 11 km\/h.<\/p>\n<p>Le temps des journ\u00e9es qui suivent va se d\u00e9grader. On pr\u00e9voit des journ\u00e9es pluvieuses, accompagn\u00e9es par des temp\u00e9ratures dans les 22\u00b0C en moyenne.<\/p>\n<p><\/p>\n","protected":false},"excerpt":{"rendered":"Cette journ\u00e9e rimera avec beau soleil pour Strasbourg. Les valeurs s&rsquo;\u00e9chelonneront entre 15 et 31\u00b0C. Une petite brise&hellip;\n","protected":false},"author":2,"featured_media":226818,"comment_status":"","ping_status":"","sticky":false,"template":"","format":"standard","meta":{"footnotes":""},"categories":[2820],"tags":[1111,11,2389,2649,1777,674,1011,27,775,12,2119,25,640],"class_list":{"0":"post-226817","1":"post","2":"type-post","3":"status-publish","4":"format-standard","5":"has-post-thumbnail","7":"category-strasbourg","8":"tag-actu","9":"tag-actualites","10":"tag-alsace","11":"tag-bas-rhin","12":"tag-eu","13":"tag-europe","14":"tag-fr","15":"tag-france","16":"tag-grand-est","17":"tag-news","18":"tag-previsions-meteo","19":"tag-republique-francaise","20":"tag-strasbourg"},"share_on_mastodon":{"url":"https:\/\/pubeurope.com\/@fr\/114797657692284924","error":""},"_links":{"self":[{"href":"https:\/\/www.europesays.com\/fr\/wp-json\/wp\/v2\/posts\/226817","targetHints":{"allow":["GET"]}}],"collection":[{"href":"https:\/\/www.europesays.com\/fr\/wp-json\/wp\/v2\/posts"}],"about":[{"href":"https:\/\/www.europesays.com\/fr\/wp-json\/wp\/v2\/types\/post"}],"author":[{"embeddable":true,"href":"https:\/\/www.europesays.com\/fr\/wp-json\/wp\/v2\/users\/2"}],"replies":[{"embeddable":true,"href":"https:\/\/www.europesays.com\/fr\/wp-json\/wp\/v2\/comments?post=226817"}],"version-history":[{"count":0,"href":"https:\/\/www.europesays.com\/fr\/wp-json\/wp\/v2\/posts\/226817\/revisions"}],"wp:featuredmedia":[{"embeddable":true,"href":"https:\/\/www.europesays.com\/fr\/wp-json\/wp\/v2\/media\/226818"}],"wp:attachment":[{"href":"https:\/\/www.europesays.com\/fr\/wp-json\/wp\/v2\/media?parent=226817"}],"wp:term":[{"taxonomy":"category","embeddable":true,"href":"https:\/\/www.europesays.com\/fr\/wp-json\/wp\/v2\/categories?post=226817"},{"taxonomy":"post_tag","embeddable":true,"href":"https:\/\/www.europesays.com\/fr\/wp-json\/wp\/v2\/tags?post=226817"}],"curies":[{"name":"wp","href":"https:\/\/api.w.org\/{rel}","templated":true}]}}