{"id":226827,"date":"2025-07-04T23:57:11","date_gmt":"2025-07-04T23:57:11","guid":{"rendered":"https:\/\/www.europesays.com\/fr\/226827\/"},"modified":"2025-07-04T23:57:11","modified_gmt":"2025-07-04T23:57:11","slug":"un-ete-pour-marcher-dans-lhistoire-de-nantes","status":"publish","type":"post","link":"https:\/\/www.europesays.com\/fr\/226827\/","title":{"rendered":"Un \u00e9t\u00e9 pour marcher dans l\u2019histoire de Nantes"},"content":{"rendered":"<p>Connaissez-vous vraiment votre quartier\u00a0? Le ch\u00e2teau du Croissant, le hameau de la Basse-Botti\u00e8re, les fr\u00e8res Bern\u00e9s&#8230; Tout cela vous \u00e9voque-t-il quelque chose\u00a0? Saviez-vous que la Botti\u00e8re et Pin-Sec \u00e9tait, il n\u2019y a pas si longtemps, une terre d\u2019agriculture\u00a0?<\/p>\n<p>Pour red\u00e9couvrir le patrimoine nantais, la Ville de Nantes organise, en juillet et en ao\u00fbt, des balades charg\u00e9es d\u2019histoires. Gratuites, elles sont \u00e9galement anim\u00e9es par des guides conf\u00e9renciers, des b\u00e9n\u00e9voles associatifs, des habitants ou encore agents municipaux. De quoi se promener dans le pass\u00e9 de la cit\u00e9 des Ducs.<\/p>\n<p>Le programme complet et le formulaire pour s\u2019inscrire sont disponibles <a href=\"https:\/\/patrimonia.nantes.fr\/home\/actualites\/2025\/avr-juin\/balades-estivales-patrimoniales.html\" target=\"_blank\" rel=\"noopener\">sur le site de la Ville.<\/a><\/p>\n<p><strong>Mardi 8\u00a0juillet,<\/strong> \u00e0 10\u00a0h, balade d\u00e9di\u00e9e aux quartiers Botti\u00e8re et Pin-Sec, du XIXe\u00a0si\u00e8cle \u00e0 nos jours.\u00a0Des t\u00e9moignages sonores d\u2019habitants enrichiront la visite et un d\u00e9jeuner au parc potager du Croissant la conclura.<\/p>\n<p>\u00a0<\/p>\n","protected":false},"excerpt":{"rendered":"Connaissez-vous vraiment votre quartier\u00a0? Le ch\u00e2teau du Croissant, le hameau de la Basse-Botti\u00e8re, les fr\u00e8res Bern\u00e9s&#8230; Tout cela&hellip;\n","protected":false},"author":2,"featured_media":226828,"comment_status":"","ping_status":"","sticky":false,"template":"","format":"standard","meta":{"footnotes":""},"categories":[2818],"tags":[1111,11,2883,1777,674,1011,27,937,34891,766,12,2636,25],"class_list":{"0":"post-226827","1":"post","2":"type-post","3":"status-publish","4":"format-standard","5":"has-post-thumbnail","7":"category-nantes","8":"tag-actu","9":"tag-actualites","10":"tag-ete","11":"tag-eu","12":"tag-europe","13":"tag-fr","14":"tag-france","15":"tag-histoire","16":"tag-marcher","17":"tag-nantes","18":"tag-news","19":"tag-pays-de-la-loire","20":"tag-republique-francaise"},"share_on_mastodon":{"url":"https:\/\/pubeurope.com\/@fr\/114797677317986917","error":""},"_links":{"self":[{"href":"https:\/\/www.europesays.com\/fr\/wp-json\/wp\/v2\/posts\/226827","targetHints":{"allow":["GET"]}}],"collection":[{"href":"https:\/\/www.europesays.com\/fr\/wp-json\/wp\/v2\/posts"}],"about":[{"href":"https:\/\/www.europesays.com\/fr\/wp-json\/wp\/v2\/types\/post"}],"author":[{"embeddable":true,"href":"https:\/\/www.europesays.com\/fr\/wp-json\/wp\/v2\/users\/2"}],"replies":[{"embeddable":true,"href":"https:\/\/www.europesays.com\/fr\/wp-json\/wp\/v2\/comments?post=226827"}],"version-history":[{"count":0,"href":"https:\/\/www.europesays.com\/fr\/wp-json\/wp\/v2\/posts\/226827\/revisions"}],"wp:featuredmedia":[{"embeddable":true,"href":"https:\/\/www.europesays.com\/fr\/wp-json\/wp\/v2\/media\/226828"}],"wp:attachment":[{"href":"https:\/\/www.europesays.com\/fr\/wp-json\/wp\/v2\/media?parent=226827"}],"wp:term":[{"taxonomy":"category","embeddable":true,"href":"https:\/\/www.europesays.com\/fr\/wp-json\/wp\/v2\/categories?post=226827"},{"taxonomy":"post_tag","embeddable":true,"href":"https:\/\/www.europesays.com\/fr\/wp-json\/wp\/v2\/tags?post=226827"}],"curies":[{"name":"wp","href":"https:\/\/api.w.org\/{rel}","templated":true}]}}