{"id":226831,"date":"2025-07-04T23:59:11","date_gmt":"2025-07-04T23:59:11","guid":{"rendered":"https:\/\/www.europesays.com\/fr\/226831\/"},"modified":"2025-07-04T23:59:11","modified_gmt":"2025-07-04T23:59:11","slug":"bordeaux-p2-les-larmes-dari-sanchez-concluent-une-defaite-inquietante","status":"publish","type":"post","link":"https:\/\/www.europesays.com\/fr\/226831\/","title":{"rendered":"Bordeaux P2 : les larmes d\u2019Ari S\u00e1nchez concluent une d\u00e9faite inqui\u00e9tante\u2026"},"content":{"rendered":"<p>La premi\u00e8re paire mondiale, <strong>Ariana S\u00e1nchez et Paula Josemar\u00eda<\/strong>, a quitt\u00e9 le <strong>Bordeaux Premier Padel P2<\/strong> d\u00e8s les quarts de finale, battue s\u00e8chement par <strong>Claudia Jensen et Alejandra Alonso<\/strong> en deux sets. Un score inattendu, mais derri\u00e8re cette d\u00e9faite, c\u2019est une autre r\u00e9alit\u00e9 qui s\u2019est impos\u00e9e : un <strong>possible souci physique<\/strong> pour Ari S\u00e1nchez, manifestement diminu\u00e9e.<\/p>\n<p>Une d\u00e9faite inattendue\u2026 mais des signes clairs<\/p>\n<p>Le match s\u2019est conclu sur une <strong>\u00e9ni\u00e8me faute directe<\/strong> d\u2019Ariana S\u00e1nchez, dans une ambiance presque pesante. Un point final \u00e0 un quart de finale particuli\u00e8rement fade pour la t\u00eate de s\u00e9rie n\u00b01, visiblement hors de son niveau habituel.<\/p>\n<p>D\u00e9j\u00e0 \u00e0 la fin du premier set, l\u2019inqui\u00e9tude se lisait sur le visage de la Catalane, recroquevill\u00e9e sur sa serviette pendant qu\u2019un membre du staff m\u00e9dical venait discr\u00e8tement s\u2019entretenir avec elle. Un moment qui en disait long. <strong>\u00c9tait-elle d\u00e9j\u00e0 en larmes ?<\/strong> En tout cas, ses d\u00e9placements r\u00e9duits, son manque d\u2019intensit\u00e9 et une d\u00e9fense inhabituelle alimentent fortement l\u2019hypoth\u00e8se d\u2019un p\u00e9pin physique.<\/p>\n<p>Un match domin\u00e9 par Jensen \/ Alonso\u2026 et par les statistiques<\/p>\n<p>Face \u00e0 elles, <strong>Claudia Jensen<\/strong> et <strong>Alejandra Alonso<\/strong> ont jou\u00e9 avec s\u00e9rieux, efficacit\u00e9 et retenue. Malgr\u00e9 une victoire marquante contre la premi\u00e8re paire mondiale, elles sont rest\u00e9es <strong>modestes et concentr\u00e9es<\/strong>, conscientes sans doute que leurs adversaires n\u2019\u00e9taient pas \u00e0 100 %.<\/p>\n<p>Les chiffres sont sans appel :<br \/>\u2013 <strong>20 fautes directes<\/strong> pour S\u00e1nchez \/ Josemar\u00eda<br \/>\u2013 Contre seulement <strong>10<\/strong> pour Jensen \/ Alonso<\/p>\n<p>Un diff\u00e9rentiel qui traduit le manque de rep\u00e8res et de lucidit\u00e9 dans le jeu des leaders du classement mondial. Ariana S\u00e1nchez, en particulier, a sembl\u00e9 incapable d\u2019imprimer son rythme ou de d\u00e9fendre comme \u00e0 son habitude. <strong>Une sortie manqu\u00e9e sur une rotation mal ex\u00e9cut\u00e9e<\/strong> a m\u00eame sembl\u00e9 illustrer le malaise physique qui l\u2019entravait.<\/p>\n<p>Une blessure au dos ? Une g\u00eane persistante ?<\/p>\n<p>Difficile de savoir pour l\u2019instant de quoi souffre exactement Ariana S\u00e1nchez. Mais les <strong>larmes en fin de match<\/strong>, visibles au moment de la poign\u00e9e de main, ne semblent pas li\u00e9es \u00e0 une simple contre-performance. D\u00e9ception ? Douleur ? Frustration ? Sans d\u00e9claration officielle, tout reste hypoth\u00e8se.<\/p>\n<p>Ce qui est s\u00fbr, c\u2019est que la joueuse espagnole <strong>a tent\u00e9 de dissimuler son mal tout au long de la rencontre<\/strong>, sans y parvenir vraiment. Ce quart de finale pose donc une vraie question sur sa <strong>capacit\u00e9 \u00e0 se remettre<\/strong> pour le prochain rendez-vous \u00e0<strong> Malaga<\/strong>, pr\u00e9vu du 14 au 20 juillet prochain.<\/p>\n<p>Claudia Jensen est rest\u00e9e tr\u00e8s sobre concernant cette victoire en estimant que ce n\u2019est \u201cjamais simple de jouer une joueuse qui est diminu\u00e9e\u2019.<\/p>\n<p>Un avenir incertain \u00e0 court terme<\/p>\n<p>Apr\u00e8s les larmes de <strong>Delfi Brea<\/strong> \u00e0 Valladolid, touch\u00e9e physiquement et contrainte \u00e0 l\u2019abandon, c\u2019est au tour d\u2019Ariana S\u00e1nchez de quitter le court en sanglots. Deux images fortes qui rappellent combien la saison est \u00e9prouvante pour les meilleures joueuses du monde.<\/p>\n<p>Le staff m\u00e9dical et l\u2019entourage de S\u00e1nchez pourraient certainement s\u2019exprimer dans les prochains jours. En attendant, une interrogation subsiste : <strong>la semaine de repos sera-t-elle suffisante pour permettre \u00e0 Ari S\u00e1nchez de d\u00e9fendre ses chances \u00e0 Malaga ?<\/strong> Rien n\u2019est moins s\u00fbr.<\/p>\n<p><img loading=\"lazy\" decoding=\"async\" data-del=\"avatar\" alt=\"Franck Binisti\" src=\"https:\/\/www.europesays.com\/fr\/wp-content\/uploads\/2025\/04\/Franck-Binisti-Padel-100x100.jpg\" class=\"avatar pp-user-avatar avatar-100 photo \" height=\"100\" width=\"100\"\/><\/p>\n<p>Franck Binisti d\u00e9couvre le padel au Club des Pyramides en 2009 en r\u00e9gion parisienne. Depuis, le padel fait partie de sa vie. Vous le voyez souvent faire le tour de France en allant couvrir les grands \u00e9v\u00e9nements de padel fran\u00e7ais.<\/p>\n<p class=\"related-title\">Sur le m\u00eame sujet<\/p>\n","protected":false},"excerpt":{"rendered":"La premi\u00e8re paire mondiale, Ariana S\u00e1nchez et Paula Josemar\u00eda, a quitt\u00e9 le Bordeaux Premier Padel P2 d\u00e8s les&hellip;\n","protected":false},"author":2,"featured_media":226832,"comment_status":"","ping_status":"","sticky":false,"template":"","format":"standard","meta":{"footnotes":""},"categories":[2817],"tags":[1111,11,36513,1431,1997,1777,674,1011,27,12,2219,30680,25],"class_list":{"0":"post-226831","1":"post","2":"type-post","3":"status-publish","4":"format-standard","5":"has-post-thumbnail","7":"category-bordeaux","8":"tag-actu","9":"tag-actualites","10":"tag-ariana-sanchez","11":"tag-blessure","12":"tag-bordeaux","13":"tag-eu","14":"tag-europe","15":"tag-fr","16":"tag-france","17":"tag-news","18":"tag-nouvelle-aquitaine","19":"tag-premier-padel-bordeaux-p2","20":"tag-republique-francaise"},"share_on_mastodon":{"url":"https:\/\/pubeurope.com\/@fr\/114797685291715727","error":""},"_links":{"self":[{"href":"https:\/\/www.europesays.com\/fr\/wp-json\/wp\/v2\/posts\/226831","targetHints":{"allow":["GET"]}}],"collection":[{"href":"https:\/\/www.europesays.com\/fr\/wp-json\/wp\/v2\/posts"}],"about":[{"href":"https:\/\/www.europesays.com\/fr\/wp-json\/wp\/v2\/types\/post"}],"author":[{"embeddable":true,"href":"https:\/\/www.europesays.com\/fr\/wp-json\/wp\/v2\/users\/2"}],"replies":[{"embeddable":true,"href":"https:\/\/www.europesays.com\/fr\/wp-json\/wp\/v2\/comments?post=226831"}],"version-history":[{"count":0,"href":"https:\/\/www.europesays.com\/fr\/wp-json\/wp\/v2\/posts\/226831\/revisions"}],"wp:featuredmedia":[{"embeddable":true,"href":"https:\/\/www.europesays.com\/fr\/wp-json\/wp\/v2\/media\/226832"}],"wp:attachment":[{"href":"https:\/\/www.europesays.com\/fr\/wp-json\/wp\/v2\/media?parent=226831"}],"wp:term":[{"taxonomy":"category","embeddable":true,"href":"https:\/\/www.europesays.com\/fr\/wp-json\/wp\/v2\/categories?post=226831"},{"taxonomy":"post_tag","embeddable":true,"href":"https:\/\/www.europesays.com\/fr\/wp-json\/wp\/v2\/tags?post=226831"}],"curies":[{"name":"wp","href":"https:\/\/api.w.org\/{rel}","templated":true}]}}