{"id":226837,"date":"2025-07-05T00:02:10","date_gmt":"2025-07-05T00:02:10","guid":{"rendered":"https:\/\/www.europesays.com\/fr\/226837\/"},"modified":"2025-07-05T00:02:10","modified_gmt":"2025-07-05T00:02:10","slug":"previsions-du-samedi-5-juillet-2025-5","status":"publish","type":"post","link":"https:\/\/www.europesays.com\/fr\/226837\/","title":{"rendered":"pr\u00e9visions du samedi 5 juillet 2025"},"content":{"rendered":"<p>Aujourd&rsquo;hui, Lille aura des temp\u00e9ratures avoisinant 19\u00b0C. Une l\u00e9g\u00e8re brise de sud-ouest sera ressentie par les habitants. Le matin, le vent va progressivement chasser les nuages. Il fera en moyenne 22\u00b0C. L&rsquo;apparition du soleil l&rsquo;apr\u00e8s-midi sera retard\u00e9e par un bon nombre de petits nuages. Les valeurs seront comprises entre 16 et 23\u00b0C. Les nuages en pr\u00e9vision le soir, et un ciel encore gris. Entre samedi et dimanche, la nuit sera claire.<\/p>\n<p>On notera la pr\u00e9sence persistante de nuages demain \u00e0 Lille. Une chute des temp\u00e9ratures est \u00e0 pr\u00e9voir. Les valeurs s&rsquo;\u00e9chelonneront entre 13 et 21\u00b0C. Un vent de sud-ouest est pr\u00e9vu : il soufflera \u00e0 21 km\/h. Le soleil peinera \u00e0 percer au milieu des nuages qui persisteront dans la matin\u00e9e. De la pluie tombera. Le thermom\u00e8tre affichera 15\u00b0C en moyenne. La m\u00e9t\u00e9o sera mitig\u00e9e dans l&rsquo;apr\u00e8s-midi avec de l\u00e9g\u00e8res averses. D&rsquo;un autre c\u00f4t\u00e9, les temp\u00e9ratures vont monter de plusieurs degr\u00e9s. Les maximales atteindront les 21\u00b0C tandis que les minimales seront de 20\u00b0C. La soir\u00e9e va rester voil\u00e9e \u00e0 cause de nuages qui se maintiennent dans le ciel. Il va pleuvoir. Les temp\u00e9ratures tourneront autour des 18\u00b0C.<\/p>\n<p>Le temps des jours qui suivent va \u00e9voluer peu \u00e0 peu. M\u00eame si le mauvais temps perdurera quelque peu lundi, il faut s&rsquo;attendre \u00e0 une am\u00e9lioration par la suite.<\/p>\n<p><\/p>\n","protected":false},"excerpt":{"rendered":"Aujourd&rsquo;hui, Lille aura des temp\u00e9ratures avoisinant 19\u00b0C. Une l\u00e9g\u00e8re brise de sud-ouest sera ressentie par les habitants. Le&hellip;\n","protected":false},"author":2,"featured_media":226838,"comment_status":"","ping_status":"","sticky":false,"template":"","format":"standard","meta":{"footnotes":""},"categories":[2815],"tags":[1111,11,1777,674,1011,27,811,1307,12,1308,1309,2119,25],"class_list":{"0":"post-226837","1":"post","2":"type-post","3":"status-publish","4":"format-standard","5":"has-post-thumbnail","7":"category-lille","8":"tag-actu","9":"tag-actualites","10":"tag-eu","11":"tag-europe","12":"tag-fr","13":"tag-france","14":"tag-hauts-de-france","15":"tag-lille","16":"tag-news","17":"tag-nord","18":"tag-nord-pas-de-calais","19":"tag-previsions-meteo","20":"tag-republique-francaise"},"share_on_mastodon":{"url":"https:\/\/pubeurope.com\/@fr\/114797697017737386","error":""},"_links":{"self":[{"href":"https:\/\/www.europesays.com\/fr\/wp-json\/wp\/v2\/posts\/226837","targetHints":{"allow":["GET"]}}],"collection":[{"href":"https:\/\/www.europesays.com\/fr\/wp-json\/wp\/v2\/posts"}],"about":[{"href":"https:\/\/www.europesays.com\/fr\/wp-json\/wp\/v2\/types\/post"}],"author":[{"embeddable":true,"href":"https:\/\/www.europesays.com\/fr\/wp-json\/wp\/v2\/users\/2"}],"replies":[{"embeddable":true,"href":"https:\/\/www.europesays.com\/fr\/wp-json\/wp\/v2\/comments?post=226837"}],"version-history":[{"count":0,"href":"https:\/\/www.europesays.com\/fr\/wp-json\/wp\/v2\/posts\/226837\/revisions"}],"wp:featuredmedia":[{"embeddable":true,"href":"https:\/\/www.europesays.com\/fr\/wp-json\/wp\/v2\/media\/226838"}],"wp:attachment":[{"href":"https:\/\/www.europesays.com\/fr\/wp-json\/wp\/v2\/media?parent=226837"}],"wp:term":[{"taxonomy":"category","embeddable":true,"href":"https:\/\/www.europesays.com\/fr\/wp-json\/wp\/v2\/categories?post=226837"},{"taxonomy":"post_tag","embeddable":true,"href":"https:\/\/www.europesays.com\/fr\/wp-json\/wp\/v2\/tags?post=226837"}],"curies":[{"name":"wp","href":"https:\/\/api.w.org\/{rel}","templated":true}]}}