{"id":226843,"date":"2025-07-05T00:05:10","date_gmt":"2025-07-05T00:05:10","guid":{"rendered":"https:\/\/www.europesays.com\/fr\/226843\/"},"modified":"2025-07-05T00:05:10","modified_gmt":"2025-07-05T00:05:10","slug":"previsions-du-samedi-5-juillet-2025-6","status":"publish","type":"post","link":"https:\/\/www.europesays.com\/fr\/226843\/","title":{"rendered":"pr\u00e9visions du samedi 5 juillet 2025"},"content":{"rendered":"<p>Un superbe soleil brillera sur Marseille, o\u00f9 la journ\u00e9e sera des plus plaisantes. Les maximales atteindront les 32\u00b0C alors que les minimales seront de 27\u00b0C : c&rsquo;est donc un bel \u00e9t\u00e9. Les valeurs maximums annonc\u00e9es le matin sont \u00e9lev\u00e9es, avec 31\u00b0C. La chaleur estivale sera bien l\u00e0 puisque les temp\u00e9ratures seront tout de m\u00eame de 28\u00b0C au minimum et de 31\u00b0C au maximum. Une l\u00e9g\u00e8re brise d&rsquo;ouest sera ressentie par les habitants. L&rsquo;apr\u00e8s-midi va \u00eatre tr\u00e8s chaud : pr\u00e8s de 32\u00b0C. Le soir, de tr\u00e8s grosses chaleurs (entre 27\u00b0C et 30\u00b0C) sont pr\u00e9vues. Les valeurs s&rsquo;\u00e9chelonneront entre 27 et 30\u00b0C, un temps vraiment de saison. Entre samedi et dimanche, la nuit sera claire.<\/p>\n<p>Demain, un important soleil rayonnera sur Marseille. Une chute des temp\u00e9ratures est pr\u00e9vue. La ville va subir une vague de fortes chaleurs avec des temp\u00e9ratures qui atteindront parfois les 31\u00b0C. Ce sera un bel \u00e9t\u00e9 : les valeurs seront comprises entre 26 et 31\u00b0C. Un vent d&rsquo;ouest rafra\u00eechira l\u00e9g\u00e8rement l&rsquo;atmosph\u00e8re. Les grosses chaleurs sont pr\u00e9sentes. Avec des temp\u00e9ratures \u00e9chelonn\u00e9es entre 27 et 30\u00b0C. Le matin, le thermom\u00e8tre affichera 29\u00b0C en moyenne. Prenez garde \u00e0 la vague de chaud dans l&rsquo;apr\u00e8s-midi. Des valeurs de 30 \u00e0 31\u00b0C sont attendues. D\u00e8s demain soir, les temp\u00e9ratures \u00e9volueront entre 30 et 30\u2009\u00b0C. Il va faire 30\u00b0C en moyenne.<\/p>\n<p>Les jours se suivent et se ressemblent. Un ciel ensoleill\u00e9, avec des temp\u00e9ratures de 28\u00b0C environ, est \u00e0 pr\u00e9voir.<\/p>\n<p>La vague de chaleur actuelle exige des dispositions suppl\u00e9mentaires, notamment vis-\u00e0-vis des plus fragiles, comme les personnes \u00e2g\u00e9es et les enfants. N&rsquo;h\u00e9sitez pas \u00e0 vous tenir inform\u00e9s de l&rsquo;\u00e9volution des conditions climatiques.<\/p>\n","protected":false},"excerpt":{"rendered":"Un superbe soleil brillera sur Marseille, o\u00f9 la journ\u00e9e sera des plus plaisantes. Les maximales atteindront les 32\u00b0C&hellip;\n","protected":false},"author":2,"featured_media":226844,"comment_status":"","ping_status":"","sticky":false,"template":"","format":"standard","meta":{"footnotes":""},"categories":[2814],"tags":[1111,11,885,1777,674,1011,27,884,12,883,2119,882,25],"class_list":{"0":"post-226843","1":"post","2":"type-post","3":"status-publish","4":"format-standard","5":"has-post-thumbnail","7":"category-marseille","8":"tag-actu","9":"tag-actualites","10":"tag-bouches-du-rhone","11":"tag-eu","12":"tag-europe","13":"tag-fr","14":"tag-france","15":"tag-marseille","16":"tag-news","17":"tag-paca","18":"tag-previsions-meteo","19":"tag-provence-alpes-cote-dazur","20":"tag-republique-francaise"},"share_on_mastodon":{"url":"https:\/\/pubeurope.com\/@fr\/114797708837318258","error":""},"_links":{"self":[{"href":"https:\/\/www.europesays.com\/fr\/wp-json\/wp\/v2\/posts\/226843","targetHints":{"allow":["GET"]}}],"collection":[{"href":"https:\/\/www.europesays.com\/fr\/wp-json\/wp\/v2\/posts"}],"about":[{"href":"https:\/\/www.europesays.com\/fr\/wp-json\/wp\/v2\/types\/post"}],"author":[{"embeddable":true,"href":"https:\/\/www.europesays.com\/fr\/wp-json\/wp\/v2\/users\/2"}],"replies":[{"embeddable":true,"href":"https:\/\/www.europesays.com\/fr\/wp-json\/wp\/v2\/comments?post=226843"}],"version-history":[{"count":0,"href":"https:\/\/www.europesays.com\/fr\/wp-json\/wp\/v2\/posts\/226843\/revisions"}],"wp:featuredmedia":[{"embeddable":true,"href":"https:\/\/www.europesays.com\/fr\/wp-json\/wp\/v2\/media\/226844"}],"wp:attachment":[{"href":"https:\/\/www.europesays.com\/fr\/wp-json\/wp\/v2\/media?parent=226843"}],"wp:term":[{"taxonomy":"category","embeddable":true,"href":"https:\/\/www.europesays.com\/fr\/wp-json\/wp\/v2\/categories?post=226843"},{"taxonomy":"post_tag","embeddable":true,"href":"https:\/\/www.europesays.com\/fr\/wp-json\/wp\/v2\/tags?post=226843"}],"curies":[{"name":"wp","href":"https:\/\/api.w.org\/{rel}","templated":true}]}}