{"id":226848,"date":"2025-07-05T00:09:21","date_gmt":"2025-07-05T00:09:21","guid":{"rendered":"https:\/\/www.europesays.com\/fr\/226848\/"},"modified":"2025-07-05T00:09:21","modified_gmt":"2025-07-05T00:09:21","slug":"fermeture-de-la-maternite-des-lilas-des-primes-pour-les-bacheliers-linfo-a-midi-en-ile-de-france","status":"publish","type":"post","link":"https:\/\/www.europesays.com\/fr\/226848\/","title":{"rendered":"Fermeture de la maternit\u00e9 des Lilas, des primes pour les bacheliers&#8230; L&rsquo;info \u00e0 midi en \u00cele-de-France"},"content":{"rendered":"<p>            Par<br \/>\n        <strong><br \/>\n            <a href=\"https:\/\/actu.fr\/auteur\/redaction-paris\" title=\"Consulter tous les articles de R\u00e9daction Paris\" rel=\"nofollow noopener\" target=\"_blank\">R\u00e9daction Paris<\/a><br \/>\n        <\/strong><\/p>\n<p>        Publi\u00e9 le<\/p>\n<p>            4 juil. 2025 \u00e0 12h12<br \/>\n        ; mis \u00e0 jour le 4 juil. 2025 \u00e0 13h28    <\/p>\n<p>Ce vendredi 4 juillet 2025 marque la fin de la semaine mais surtout le d\u00e9but des vacances scolaires. Que s\u2019est-il pass\u00e9 \u00e0 midi en \u00cele-de-France\u2009? Voici l\u2019essentiel de l\u2019actualit\u00e9\u2009: en Seine-Saint-Denis, une page se tourne avec l\u2019annonce de la fermeture de la maternit\u00e9 des Lilas, dans les Yvelines, les conclusions de l\u2019autopsie de la fillette d\u00e9c\u00e9d\u00e9e au ch\u00e2teau de Versailles ont \u00e9t\u00e9 d\u00e9voil\u00e9es et dans les Hauts-de-Seine, une ville offre jusqu\u2019\u00e0 800 euros aux bacheliers.<\/p>\n<p>Les informations \u00e0 retenir ce vendredi 4\u00a0juillet 2025, \u00e0 midi, en \u00cele-de-France<\/p>\n<p class=\"expresso-item wall-content\"><strong>Essonne. <\/strong><a title=\"Lire l&#039;article\" href=\"https:\/\/actu.fr\/ile-de-france\/massy_91377\/pas-juste-des-reserves-comment-le-futur-centre-pompidou-de-massy-veut-devenir-un-lieu-vivant_62861141.html\" rel=\"nofollow noopener\" target=\"_blank\">\u00ab\u2009Pas juste des r\u00e9serves\u2009\u00bb\u2009: comment le futur Centre Pompidou de Massy veut devenir un \u00ab\u2009lieu vivant\u2009\u00bb<\/a><br \/>La ministre de la Culture Rachida Dati a visit\u00e9 le chantier du futur Centre Pompidou francilien-Fabrique de l\u2019art. Un lieu destin\u00e9 \u00e0 accueillir les r\u00e9serves du mus\u00e9e, mais pas que.<\/p>\n<p class=\"expresso-item wall-content\"><strong>Yvelines. <\/strong><a title=\"Lire l&#039;article\" href=\"https:\/\/actu.fr\/ile-de-france\/versailles_78646\/mort-dune-fillette-au-chateau-de-versailles-le-legiste-conclut-a-une-cause-naturelle_62866889.html\" rel=\"nofollow noopener\" target=\"_blank\">Mort d\u2019une fillette au ch\u00e2teau de Versailles\u2009: le l\u00e9giste conclut \u00e0 une cause naturelle<\/a><br \/>Le l\u00e9giste a rendu ses conclusions suite \u00e0 la mort de la jeune am\u00e9ricaine au Ch\u00e2teau de Versailles (Yvelines). Le corps va pouvoir \u00eatre rendu \u00e0 la famille.<\/p>\n<p class=\"expresso-item wall-content\"><strong>Seine-et-Marne.<\/strong> <a title=\"Lire l&#039;article\" href=\"https:\/\/actu.fr\/ile-de-france\/isles-les-villenoy_77232\/une-edition-spectaculaire-que-voir-au-roissy-meaux-airshow-de-retour-ce-week-end_62866027.html\" rel=\"nofollow noopener\" target=\"_blank\">\u00ab\u2009Une \u00e9dition spectaculaire\u2009!\u2009\u00bb\u2009: que voir au Roissy Meaux AirShow, de retour ce week-end\u2009?<\/a><br \/>Le Roissy Meaux AirShow revient en force dimanche 6\u00a0juillet 2025. Les organisateurs ont vu les choses en grand avec un show a\u00e9rien, et de nombreuses animations sur terre.<\/p>\n<p class=\"expresso-item wall-content\"><strong>Hauts-de-Seine.<\/strong> <a title=\"Lire l&#039;article\" href=\"https:\/\/actu.fr\/ile-de-france\/montrouge_92049\/ca-encourage-l-effort-a-montrouge-une-mention-au-bac-peut-rapporter-jusqu-a-800-euros_62861873.html\" rel=\"nofollow noopener\" target=\"_blank\">\u00ab\u2009\u00c7a encourage l\u2019effort\u2009\u00bb\u2009: \u00e0 Montrouge, une mention au Bac peut rapporter jusqu\u2019\u00e0 800\u00a0euros<\/a><br \/>La Ville de Montrouge distribue depuis 30\u00a0ans une prime comprise entre 400 et 800\u00a0euros pour les lyc\u00e9ens ayant d\u00e9croch\u00e9 une mention bien ou tr\u00e8s bien au Bac.<\/p>\n<p class=\"expresso-item wall-content\"><strong>Seine-Saint-Denis. <\/strong><a title=\"Lire l&#039;article\" href=\"https:\/\/actu.fr\/ile-de-france\/les-lilas_93045\/on-a-le-coeur-en-miettes-malgre-des-annees-de-lutte-la-maternite-des-lilas-va-fermer_62862838.html\" rel=\"nofollow noopener\" target=\"_blank\">\u00ab\u2009On a le c\u0153ur en miettes\u2009\u00bb\u2009: malgr\u00e9 des ann\u00e9es de lutte, la maternit\u00e9 des Lilas va fermer<\/a><br \/>Apr\u00e8s des ann\u00e9es de sursis, la fermeture de la maternit\u00e9 des Lilas (Seine-Saint-Denis) a \u00e9t\u00e9 act\u00e9e d\u00e9but juillet\u00a02025. Les \u00e9quipes sont sous le choc.<\/p>\n<p class=\" wall-content\"><strong>Suivez-nous pour en savoir plus\u2009!<\/strong><br \/>Vous voulez plus d\u2019infos sur l\u2019\u00cele-de-France\u2009? Vous pouvez nous retrouver sur Actu \u00cele-de-France. Pour nous suivre sur les r\u00e9seaux sociaux, dans vos d\u00e9partements\u2009:<\/p>\n<p class=\" wall-content\"><strong>Paris<\/strong>\u2009: retrouvez\u00a0actu\u00a0Paris\u00a0sur\u00a0<a href=\"https:\/\/www.facebook.com\/actufr.paris\/\" rel=\"nofollow noopener\" target=\"_blank\">Facebook<\/a>\u00a0et\u00a0<a href=\"https:\/\/twitter.com\/actufrparis\" rel=\"nofollow noopener\" target=\"_blank\">Twitter<\/a>\u2009;<br \/><strong>Seine-et-Marne<\/strong>\u2009: retrouvez\u00a0La R\u00e9publique de Seine-et-Marne (sud) sur\u00a0<a href=\"https:\/\/www.facebook.com\/RepubliqueSeineMarne\/\" rel=\"nofollow noopener\" target=\"_blank\">Facebook<\/a>\u00a0et\u00a0<a href=\"https:\/\/twitter.com\/LaRep77\" rel=\"nofollow noopener\" target=\"_blank\">Twitter<\/a>\u2009; La Marne (nord) sur\u00a0<a href=\"https:\/\/www.facebook.com\/journallarmarne\/?__tn__=%2Cd%2CP-R&amp;eid=ARDLZc91LaHbXzDwChLLLQJVMBLx_ABJremTC2-RG0CYvg0f4f8CLvbV5G1Lli4g_6QoXDcKkU1_LX1W\" rel=\"nofollow noopener\" target=\"_blank\">Facebook<\/a>\u00a0et\u00a0<a href=\"https:\/\/twitter.com\/JournalLaMarne\" rel=\"nofollow noopener\" target=\"_blank\">Twitter<\/a>\u2009; et\u00a0Le Pays Briard\u00a0sur\u00a0<a href=\"https:\/\/www.facebook.com\/LePaysBriard\/?ref=bookmarks\" rel=\"nofollow noopener\" target=\"_blank\">Facebook<\/a>\u00a0et\u00a0<a href=\"https:\/\/twitter.com\/LePaysBriard\" rel=\"nofollow noopener\" target=\"_blank\">Twitter<\/a>\u2009;<br \/><strong>Yvelines\u2009:<\/strong> retrouvez\u00a078actu\u00a0sur\u00a0<a href=\"https:\/\/www.facebook.com\/78actu\/\" rel=\"nofollow noopener\" target=\"_blank\">Facebook<\/a>\u00a0et\u00a0<a href=\"https:\/\/x.com\/78actu\" rel=\"nofollow\">Twitter<\/a>\u2009;<br \/><strong>Essonne\u2009:<\/strong> retrouvez\u00a0actu Essonne\u00a0sur\u00a0<a href=\"https:\/\/www.facebook.com\/actuessonne\/?ref=br_rs\" rel=\"nofollow noopener\" target=\"_blank\">Facebook<\/a>\u00a0et\u00a0<a href=\"https:\/\/twitter.com\/ActuEssonne\" rel=\"nofollow noopener\" target=\"_blank\">Twitter<\/a>\u2009;<br \/><strong>Hauts-de-Seine\u2009:<\/strong> retrouvez\u00a0actu\u00a0Hauts-de-Seine\u00a0sur\u00a0<a href=\"https:\/\/www.facebook.com\/actufr.hautsdeseine\/\" rel=\"nofollow noopener\" target=\"_blank\">Facebook<\/a>\u00a0et\u00a0<a href=\"https:\/\/twitter.com\/actufr92\" rel=\"nofollow noopener\" target=\"_blank\">Twitter<\/a>\u2009;<br \/><strong>Seine-Saint-Denis\u2009:<\/strong> retrouvez actu Seine-Saint-Denis sur\u00a0<a href=\"https:\/\/www.facebook.com\/actufr.seinesaintdenis\/\" rel=\"nofollow noopener\" target=\"_blank\">Facebook<\/a>\u00a0et\u00a0<a href=\"https:\/\/x.com\/Actufr93\" rel=\"nofollow\">Twitter<\/a>\u2009;<br \/><strong>Val-de-Marne\u2009:<\/strong> retrouvez actu Val-de-Marne sur\u00a0<a href=\"https:\/\/www.facebook.com\/actu94.valdemarne\/\" rel=\"nofollow noopener\" target=\"_blank\">Facebook\u00a0<\/a>et\u00a0<a href=\"https:\/\/x.com\/actufr94\" rel=\"nofollow\">Twitter\u2009<\/a>;<br \/><strong>Val-d\u2019Oise\u2009: <\/strong>retrouvez La Gazette du Val-d\u2019Oise sur\u00a0<a href=\"https:\/\/x.com\/actufr94\" rel=\"nofollow\">Twitter<\/a><\/p>\n<p class=\" wall-content\">Suivez toute l\u2019actualit\u00e9 de vos villes et m\u00e9dias favoris en vous inscrivant \u00e0 <a href=\"https:\/\/moncompte.actu.fr\" title=\"D\u00e9couvez Mon Actu\" rel=\"nofollow noopener\" data-trk=\"{&quot;cta&quot;:{&quot;action&quot;:&quot;https:\\\/\\\/moncompte.actu.fr&quot;,&quot;category&quot;:&quot;mon compte&quot;,&quot;from&quot;:&quot;article footer&quot;,&quot;name&quot;:&quot;Mon actu&quot;,&quot;type&quot;:&quot;cta&quot;}}\" target=\"_blank\">Mon Actu<\/a>.<\/p>\n<ul class=\"ac-article-tag wall-content\">\n<li><a href=\"https:\/\/actu.fr\/tag\/centre-pompidou\" data-trk=\"{&quot;cta&quot;:{&quot;action&quot;:&quot;Centre Pompidou&quot;,&quot;category&quot;:&quot;tag&quot;,&quot;from&quot;:&quot;article footer&quot;,&quot;name&quot;:&quot;Centre Pompidou&quot;,&quot;type&quot;:&quot;cta&quot;}}\" rel=\"nofollow noopener\" target=\"_blank\">#Centre Pompidou<\/a><\/li>\n<li><a href=\"https:\/\/actu.fr\/tag\/maternite\" data-trk=\"{&quot;cta&quot;:{&quot;action&quot;:&quot;Maternit\\u00e9&quot;,&quot;category&quot;:&quot;tag&quot;,&quot;from&quot;:&quot;article footer&quot;,&quot;name&quot;:&quot;Maternit\\u00e9&quot;,&quot;type&quot;:&quot;cta&quot;}}\" rel=\"nofollow noopener\" target=\"_blank\">#Maternit\u00e9<\/a><\/li>\n<\/ul>\n<p>                    <script async src=\"https:\/\/platform.twitter.com\/widgets.js\" charset=\"utf-8\"><\/script><\/p>\n","protected":false},"excerpt":{"rendered":"Par R\u00e9daction Paris Publi\u00e9 le 4 juil. 2025 \u00e0 12h12 ; mis \u00e0 jour le 4 juil. 2025&hellip;\n","protected":false},"author":2,"featured_media":226849,"comment_status":"","ping_status":"","sticky":false,"template":"","format":"standard","meta":{"footnotes":""},"categories":[1592],"tags":[1111,11,4223,1777,674,1011,27,662,15761,12,626,25,104],"class_list":{"0":"post-226848","1":"post","2":"type-post","3":"status-publish","4":"format-standard","5":"has-post-thumbnail","7":"category-ile-de-france","8":"tag-actu","9":"tag-actualites","10":"tag-centre-pompidou","11":"tag-eu","12":"tag-europe","13":"tag-fr","14":"tag-france","15":"tag-ile-de-france","16":"tag-maternite","17":"tag-news","18":"tag-paris","19":"tag-republique-francaise","20":"tag-societe"},"share_on_mastodon":{"url":"https:\/\/pubeurope.com\/@fr\/114797724616392091","error":""},"_links":{"self":[{"href":"https:\/\/www.europesays.com\/fr\/wp-json\/wp\/v2\/posts\/226848","targetHints":{"allow":["GET"]}}],"collection":[{"href":"https:\/\/www.europesays.com\/fr\/wp-json\/wp\/v2\/posts"}],"about":[{"href":"https:\/\/www.europesays.com\/fr\/wp-json\/wp\/v2\/types\/post"}],"author":[{"embeddable":true,"href":"https:\/\/www.europesays.com\/fr\/wp-json\/wp\/v2\/users\/2"}],"replies":[{"embeddable":true,"href":"https:\/\/www.europesays.com\/fr\/wp-json\/wp\/v2\/comments?post=226848"}],"version-history":[{"count":0,"href":"https:\/\/www.europesays.com\/fr\/wp-json\/wp\/v2\/posts\/226848\/revisions"}],"wp:featuredmedia":[{"embeddable":true,"href":"https:\/\/www.europesays.com\/fr\/wp-json\/wp\/v2\/media\/226849"}],"wp:attachment":[{"href":"https:\/\/www.europesays.com\/fr\/wp-json\/wp\/v2\/media?parent=226848"}],"wp:term":[{"taxonomy":"category","embeddable":true,"href":"https:\/\/www.europesays.com\/fr\/wp-json\/wp\/v2\/categories?post=226848"},{"taxonomy":"post_tag","embeddable":true,"href":"https:\/\/www.europesays.com\/fr\/wp-json\/wp\/v2\/tags?post=226848"}],"curies":[{"name":"wp","href":"https:\/\/api.w.org\/{rel}","templated":true}]}}