{"id":226854,"date":"2025-07-05T00:12:13","date_gmt":"2025-07-05T00:12:13","guid":{"rendered":"https:\/\/www.europesays.com\/fr\/226854\/"},"modified":"2025-07-05T00:12:13","modified_gmt":"2025-07-05T00:12:13","slug":"previsions-du-samedi-5-juillet-2025-7","status":"publish","type":"post","link":"https:\/\/www.europesays.com\/fr\/226854\/","title":{"rendered":"pr\u00e9visions du samedi 5 juillet 2025"},"content":{"rendered":"<p>Dans la journ\u00e9e, les temp\u00e9ratures avoisineront les 23\u00b0C \u00e0 Paris. Une petite brise de nord-ouest sera ressentie par les habitants. C&rsquo;est un soleil magnifique qui va briller le matin. Le mercure affichera 22\u00b0C en moyenne. Le soleil appara\u00eet l\u00e9g\u00e8rement l&rsquo;apr\u00e8s-midi. Ces \u00e9claircies devraient faire plaisir aux habitants. Les temp\u00e9ratures vont conna\u00eetre une augmentation de plusieurs degr\u00e9s. Les valeurs \u00e9volueront entre 27 et 30\u2009\u00b0C. Les temp\u00e9ratures iront de 27 \u00e0 30\u00b0C. On passera de samedi \u00e0 dimanche par une nuit claire.<\/p>\n<p>Les nuages seront visibles demain \u00e0 Paris. Une l\u00e9g\u00e8re chute des temp\u00e9ratures est \u00e0 craindre. Les valeurs afficheront entre 14 et 22\u00b0C. Il faudra anticiper des perturbations le matin, les Parisiens se retrouveront sous de la bruine. Les temp\u00e9ratures avoisineront les 17\u00b0C. Un l\u00e9ger vent de sud-ouest soufflera. C&rsquo;est \u00e0 un ciel couvert de nuages qu&rsquo;il faudra s&rsquo;attendre demain apr\u00e8s-midi. Des pluies \u00e9parses vont tomber sur la ville. D&rsquo;un autre c\u00f4t\u00e9, l&rsquo;air ambiant va se r\u00e9chauffer avec une hausse de quelques degr\u00e9s. Les valeurs seront comprises entre 20 et 22\u00b0C. Toujours de la grisaille demain soir. De l\u00e9gers nuages vont s&rsquo;attarder. Un vent de nord-ouest soufflera l\u00e9g\u00e8rement, avec 17 km\/h.<\/p>\n<p>Le temps des jours suivants va \u00e9voluer progressivement. M\u00eame si le mauvais temps se maintiendra un peu lundi, il faut pr\u00e9voir une am\u00e9lioration par la suite.<\/p>\n<p><\/p>\n","protected":false},"excerpt":{"rendered":"Dans la journ\u00e9e, les temp\u00e9ratures avoisineront les 23\u00b0C \u00e0 Paris. Une petite brise de nord-ouest sera ressentie par&hellip;\n","protected":false},"author":2,"featured_media":226855,"comment_status":"","ping_status":"","sticky":false,"template":"","format":"standard","meta":{"footnotes":""},"categories":[1888],"tags":[11,1777,674,1011,27,662,12,626,2119,25],"class_list":{"0":"post-226854","1":"post","2":"type-post","3":"status-publish","4":"format-standard","5":"has-post-thumbnail","7":"category-paris","8":"tag-actualites","9":"tag-eu","10":"tag-europe","11":"tag-fr","12":"tag-france","13":"tag-ile-de-france","14":"tag-news","15":"tag-paris","16":"tag-previsions-meteo","17":"tag-republique-francaise"},"share_on_mastodon":{"url":"https:\/\/pubeurope.com\/@fr\/114797736323206732","error":""},"_links":{"self":[{"href":"https:\/\/www.europesays.com\/fr\/wp-json\/wp\/v2\/posts\/226854","targetHints":{"allow":["GET"]}}],"collection":[{"href":"https:\/\/www.europesays.com\/fr\/wp-json\/wp\/v2\/posts"}],"about":[{"href":"https:\/\/www.europesays.com\/fr\/wp-json\/wp\/v2\/types\/post"}],"author":[{"embeddable":true,"href":"https:\/\/www.europesays.com\/fr\/wp-json\/wp\/v2\/users\/2"}],"replies":[{"embeddable":true,"href":"https:\/\/www.europesays.com\/fr\/wp-json\/wp\/v2\/comments?post=226854"}],"version-history":[{"count":0,"href":"https:\/\/www.europesays.com\/fr\/wp-json\/wp\/v2\/posts\/226854\/revisions"}],"wp:featuredmedia":[{"embeddable":true,"href":"https:\/\/www.europesays.com\/fr\/wp-json\/wp\/v2\/media\/226855"}],"wp:attachment":[{"href":"https:\/\/www.europesays.com\/fr\/wp-json\/wp\/v2\/media?parent=226854"}],"wp:term":[{"taxonomy":"category","embeddable":true,"href":"https:\/\/www.europesays.com\/fr\/wp-json\/wp\/v2\/categories?post=226854"},{"taxonomy":"post_tag","embeddable":true,"href":"https:\/\/www.europesays.com\/fr\/wp-json\/wp\/v2\/tags?post=226854"}],"curies":[{"name":"wp","href":"https:\/\/api.w.org\/{rel}","templated":true}]}}