{"id":226858,"date":"2025-07-05T00:14:10","date_gmt":"2025-07-05T00:14:10","guid":{"rendered":"https:\/\/www.europesays.com\/fr\/226858\/"},"modified":"2025-07-05T00:14:10","modified_gmt":"2025-07-05T00:14:10","slug":"zelensky-discute-avec-trump-la-russie-bombarde-massivement-2","status":"publish","type":"post","link":"https:\/\/www.europesays.com\/fr\/226858\/","title":{"rendered":"Zelensky discute avec Trump, la Russie bombarde massivement"},"content":{"rendered":"<p>Vous avez rat\u00e9 les derniers \u00e9v\u00e9nements sur la <a href=\"https:\/\/www.20minutes.fr\/monde\/ukraine\/\" class=\"color-ultramarine c-link\" target=\"_blank\" rel=\"noopener\">guerre en Ukraine<\/a>\u00a0? 20 Minutes fait le point pour vous tous les soirs. Voici l\u2019essentiel de ce vendredi 4\u00a0juillet, 1.227e jour du conflit.<\/p>\n<p>Le fait du jour<\/p>\n<p>L\u2019\u00e9change \u00e9tait tr\u00e8s attendu. Le pr\u00e9sident ukrainien <a href=\"https:\/\/www.20minutes.fr\/monde\/volodymyr-zelensky\/\" class=\"color-ultramarine c-link\" target=\"_blank\" rel=\"noopener\">Volodymyr Zelensky<\/a> a affirm\u00e9 ce vendredi s\u2019\u00eatre mis d\u2019accord avec <a href=\"https:\/\/www.20minutes.fr\/dossier\/donald_trump\" class=\"color-ultramarine c-link\" target=\"_blank\" rel=\"noopener\">Donald Trump<\/a>, au cours d\u2019un entretien t\u00e9l\u00e9phonique, sur la n\u00e9cessit\u00e9 de \u00ab\u00a0renforcer la protection\u00a0\u00bb du ciel ukrainien apr\u00e8s l\u2019attaque russe de drones la plus importante depuis le d\u00e9but de l\u2019invasion en f\u00e9vrier\u00a02022.<\/p>\n<p>A l\u2019issue de sa discussion \u00ab\u00a0approfondie\u00a0\u00bb avec son homologue am\u00e9ricain, notamment \u00ab\u00a0sur les possibilit\u00e9s en mati\u00e8re de d\u00e9fense antia\u00e9rienne\u00a0\u00bb, Volodymyr Zelensky a annonc\u00e9 qu\u2019ils \u00e9taient \u00ab\u00a0convenus de travailler ensemble pour renforcer la protection\u00a0\u00bb de l\u2019espace a\u00e9rien de l\u2019Ukraine. Le chef de l\u2019Etat ukrainien n\u2019a toutefois pas donn\u00e9 plus de pr\u00e9cisions.<\/p>\n<p>La veille, Donald Trump avait parl\u00e9 au t\u00e9l\u00e9phone avec Vladimir Poutine, une conversation qui s\u2019\u00e9tait une nouvelle fois termin\u00e9e sans annonce importante en vue d\u2019un r\u00e8glement du conflit. Preuve de l\u2019impasse dans laquelle se trouvent les pourparlers de paix malgr\u00e9 leur reprise en mai, le pr\u00e9sident am\u00e9ricain a avou\u00e9 jeudi n\u2019avoir fait \u00ab\u00a0aucun progr\u00e8s\u00a0\u00bb pendant son entretien avec son homogue russe.<\/p>\n<p>La d\u00e9claration du jour<\/p>\n<blockquote class=\"mx-m@xs mx-xxl@md color-ultramarine c-citation\">\n<p class=\"font-weight-regular@xs text-italic font-source-serif-pro text-l@xs c-citation__content\">\u00ab\u00a0Nous pr\u00e9f\u00e9rons le faire par des moyens diplomatiques. Mais tant que cela ne semble pas possible, nous poursuivons l\u2019op\u00e9ration militaire sp\u00e9ciale\u00a0\u00bb<\/p>\n<\/blockquote>\n<p>Le <a href=\"https:\/\/www.20minutes.fr\/dossier\/kremlin\" class=\"color-ultramarine c-link\" target=\"_blank\" rel=\"noopener\">Kremlin<\/a> a jug\u00e9 ce vendredi, par l\u2019interm\u00e9diaire de son porte-parole Dmitri Peskov, qu\u2019il n\u2019\u00e9tait \u00ab\u00a0pas possible\u00a0\u00bb \u00e0 ce stade d&rsquo; \u00ab\u00a0atteindre\u00a0\u00bb ses objectifs en Ukraine par la voie diplomatique, poursuivant ainsi son offensive \u00e0 grande \u00e9chelle, au lendemain d\u2019un appel t\u00e9l\u00e9phonique sans r\u00e9sultats entre Vladimir Poutine et Donald Trump.<\/p>\n<p>\u00ab\u00a0Nous pr\u00e9f\u00e9rons le faire par des moyens diplomatiques. Mais tant que cela ne semble pas possible, nous poursuivons l\u2019op\u00e9ration militaire sp\u00e9ciale\u00a0\u00bb, a indiqu\u00e9 le porte-parole de la pr\u00e9sidence russe, Dmitri Peskov, lors de son briefing quotidien.<\/p>\n<\/p>\n<p>Le chiffre du jour<\/p>\n<p>550. C\u2019est le nombre d\u2019engins explosifs, dont 539 drones et des missiles, qui ont \u00e9t\u00e9 exp\u00e9di\u00e9s sur l\u2019Ukraine dans la nuit de jeudi \u00e0 vendredi, selon l\u2019arm\u00e9e de l\u2019air ukrainienne. \u00ab\u00a0La nuit a \u00e9t\u00e9 blanche et brutale\u00a0\u00bb, a d\u00e9plor\u00e9 Volodymyr Zelensky, les secours faisant \u00e9tat d\u2019au moins un mort et de 26 bless\u00e9s, dont un enfant.<\/p>\n<p>Selon le porte-parole de l\u2019arm\u00e9e de l\u2019air, il s\u2019agissait du \u00ab\u00a0plus grand nombre\u00a0\u00bb de drones jamais utilis\u00e9 en une seule attaque par la Russie depuis\u00a02022. L\u2019Ukraine a revendiqu\u00e9 avoir neutralis\u00e9 478 de ces engins, l\u2019arm\u00e9e russe assurant quant \u00e0 elle avoir touch\u00e9 un a\u00e9rodrome militaire et une raffinerie de p\u00e9trole.<\/p>\n<p>Des dizaines d\u2019incendies se sont d\u00e9clar\u00e9s \u00e0 la suite de ces bombardements, notamment dans la capitale ukrainienne. Un b\u00e2timent de l\u2019ambassade de <a href=\"https:\/\/www.20minutes.fr\/dossier\/pologne\" class=\"color-ultramarine c-link\" target=\"_blank\" rel=\"noopener\">Pologne<\/a> a \u00e9t\u00e9 endommag\u00e9, d\u2019apr\u00e8s <a href=\"https:\/\/www.20minutes.fr\/dossier\/varsovie\" class=\"color-ultramarine c-link\" target=\"_blank\" rel=\"noopener\">Varsovie<\/a>. \u00ab\u00a0Nous n\u2019avions jamais rien vu de tel auparavant. Il n\u2019y avait jamais eu autant d\u2019explosions. C\u2019\u00e9tait l\u2019attaque la plus violente depuis que je vis ici\u00a0\u00bb, t\u00e9moigne Timour, un habitant de Kiev<\/p>\n<p>Par ailleurs, dans les territoires occup\u00e9s par la Russie, quatre personnes ont \u00e9t\u00e9 tu\u00e9es vendredi dans une frappe ukrainienne sur <a href=\"https:\/\/www.20minutes.fr\/dossier\/donetsk\" class=\"color-ultramarine c-link\" target=\"_blank\" rel=\"noopener\">Donetsk<\/a> (est), d\u2019apr\u00e8s les autorit\u00e9s locales install\u00e9es par Moscou.<\/p>\n<p>La tendance<\/p>\n<p>L\u2019Allemagne envisage la possibilit\u00e9 d\u2019acheter davantage de syst\u00e8mes de d\u00e9fense a\u00e9rienne Patriot aux \u00c9tats-Unis pour l\u2019Ukraine, a d\u00e9clar\u00e9 vendredi un porte-parole du gouvernement, alors que la Russie intensifie ses attaques a\u00e9riennes. Interrog\u00e9 sur la possibilit\u00e9 d\u2019acheter des Patriot aux Etats-Unis pour les donner \u00e0 l\u2019Ukraine, le porte-parole du gouvernement, Stefan Kornelius, a r\u00e9pondu\u00a0: \u00ab\u00a0il y a plusieurs fa\u00e7ons de combler ce manque de Patriot. Vous venez d\u2019en citer une. Je peux vous dire qu\u2019effectivement d\u2019intenses discussions ont lieu \u00e0 ce sujet\u00a0\u00bb.<\/p>\n<p>Par ailleurs, le chancelier Friedrich Merz et Donald Trump ont eu un entretien t\u00e9l\u00e9phonique jeudi sur le renforcement de la d\u00e9fense antia\u00e9rienne de l\u2019Ukraine, a indiqu\u00e9 Stefan Kornelius, confirmant une information de l\u2019hebdomadaire Der Spiegel.<\/p>\n<p><a href=\"https:\/\/www.20minutes.fr\/monde\/ukraine\/\" class=\"c-link c-btn c-btn--primary\" target=\"_blank\" rel=\"noopener\">Notre dossier sur la guerre en Ukraine<\/a><\/p>\n<p>Selon le quotidien allemand , Berlin a fait une proposition aux Am\u00e9ricains portant sur deux syst\u00e8mes Patriot et attend une r\u00e9ponse du secr\u00e9taire am\u00e9ricain \u00e0 la D\u00e9fense, Pete Hegseth.<\/p>\n<p>Kiev tente aussi, en vain jusqu\u2019ici, d\u2019acqu\u00e9rir des Patriot am\u00e9ricains. A la mi-avril, le pr\u00e9sident ukrainien Volodymyr Zelensky avait dit \u00eatre pr\u00eat \u00e0 acheter au moins 10 de ces syst\u00e8mes de d\u00e9fense.<\/p>\n","protected":false},"excerpt":{"rendered":"Vous avez rat\u00e9 les derniers \u00e9v\u00e9nements sur la guerre en Ukraine\u00a0? 20 Minutes fait le point pour vous&hellip;\n","protected":false},"author":2,"featured_media":226859,"comment_status":"","ping_status":"","sticky":false,"template":"","format":"standard","meta":{"footnotes":""},"categories":[1591],"tags":[47,11,672,1898,75,1887,4710,131,4997,74,1916,12,1885,1886,132,135,134],"class_list":{"0":"post-226858","1":"post","2":"type-post","3":"status-publish","4":"format-standard","5":"has-post-thumbnail","7":"category-russie","8":"tag-actualite","9":"tag-actualites","10":"tag-allemagne","11":"tag-berlin","12":"tag-donald-trump","13":"tag-federation-de-russie","14":"tag-friedrich-merz","15":"tag-guerre-en-ukraine","16":"tag-kiev-kyiv","17":"tag-monde","18":"tag-moscou","19":"tag-news","20":"tag-russia","21":"tag-russian-federation","22":"tag-russie","23":"tag-vladimir-poutine","24":"tag-volodymyr-zelensky"},"share_on_mastodon":{"url":"https:\/\/pubeurope.com\/@fr\/114797744202367422","error":""},"_links":{"self":[{"href":"https:\/\/www.europesays.com\/fr\/wp-json\/wp\/v2\/posts\/226858","targetHints":{"allow":["GET"]}}],"collection":[{"href":"https:\/\/www.europesays.com\/fr\/wp-json\/wp\/v2\/posts"}],"about":[{"href":"https:\/\/www.europesays.com\/fr\/wp-json\/wp\/v2\/types\/post"}],"author":[{"embeddable":true,"href":"https:\/\/www.europesays.com\/fr\/wp-json\/wp\/v2\/users\/2"}],"replies":[{"embeddable":true,"href":"https:\/\/www.europesays.com\/fr\/wp-json\/wp\/v2\/comments?post=226858"}],"version-history":[{"count":0,"href":"https:\/\/www.europesays.com\/fr\/wp-json\/wp\/v2\/posts\/226858\/revisions"}],"wp:featuredmedia":[{"embeddable":true,"href":"https:\/\/www.europesays.com\/fr\/wp-json\/wp\/v2\/media\/226859"}],"wp:attachment":[{"href":"https:\/\/www.europesays.com\/fr\/wp-json\/wp\/v2\/media?parent=226858"}],"wp:term":[{"taxonomy":"category","embeddable":true,"href":"https:\/\/www.europesays.com\/fr\/wp-json\/wp\/v2\/categories?post=226858"},{"taxonomy":"post_tag","embeddable":true,"href":"https:\/\/www.europesays.com\/fr\/wp-json\/wp\/v2\/tags?post=226858"}],"curies":[{"name":"wp","href":"https:\/\/api.w.org\/{rel}","templated":true}]}}