{"id":226862,"date":"2025-07-05T00:16:10","date_gmt":"2025-07-05T00:16:10","guid":{"rendered":"https:\/\/www.europesays.com\/fr\/226862\/"},"modified":"2025-07-05T00:16:10","modified_gmt":"2025-07-05T00:16:10","slug":"fiscalite-moyen-orient-immigration-donald-trump-a-lheure-des-succes","status":"publish","type":"post","link":"https:\/\/www.europesays.com\/fr\/226862\/","title":{"rendered":"Fiscalit\u00e9, Moyen-Orient, immigration&#8230; Donald Trump \u00e0 l\u2019heure des succ\u00e8s"},"content":{"rendered":"<p><strong>ANALYSE &#8211;<\/strong> Sa loi budg\u00e9taire a \u00e9t\u00e9 vot\u00e9e, la Cour supr\u00eame a d\u00e9savou\u00e9 les juges qui s\u2019opposaient \u00e0 ses injonctions f\u00e9d\u00e9rales, les alli\u00e9s de l\u2019Otan ont c\u00e9d\u00e9 \u00e0 ses demandes, et il a impos\u00e9 un cessez-le-feu \u00e0 l\u2019Iran et Isra\u00ebl\u2026<\/p>\n<p class=\"fig-paragraph\">C\u2019est une double c\u00e9l\u00e9bration. Donald Trump, grand amateur de politique spectacle, a choisi le 4\u00a0juillet, date de la f\u00eate nationale am\u00e9ricaine\u00a0<a href=\"http:\/\/www.lefigaro.fr\/international\/victoire-pour-donald-trump-le-congres-adopte-sa-mega-loi-de-baisses-d-impots-20250703\" target=\"_blank\" data-fig-type=\"NewsFlash\" rel=\"noopener\" data-gtm-custom-categorie=\"navigation\" data-gtm-custom-action=\"crossclick\" data-gtm-custom-label=\"Contextuel\" data-gtm-event=\"customEventSPE\" data-fig-domain=\"LEFIGARO\">pour signer sa \u00ab grande et belle loi\u00a0\u00bb fiscale<\/a>\u00a0(\u00ab\u00a0big beautiful bill\u00a0\u00bb), le grand projet l\u00e9gislatif de son second mandat. Il a de quoi pavoiser. Le pr\u00e9sident, sur un ton triomphant, a salu\u00e9 \u00ab\u00a0cinq mois d\u2019extraordinaires succ\u00e8s\u00a0\u00bb, lors d\u2019un meeting dans l\u2019Iowa. Ces deux derni\u00e8res semaines particuli\u00e8rement, il a encha\u00een\u00e9 des victoires \u00e0 l\u2019Otan, en Iran, en R\u00e9publique d\u00e9mocratique du Congo, et aussi sur l\u2019immigration, les m\u00e9dias, les universit\u00e9s\u2026 tout en refa\u00e7onnant \u00e0 vitesse fulgurante le pays. \u00ab\u00a0Le nombre de changements fondamentaux en un si court laps de temps est sans pr\u00e9c\u00e9dent. Cela rappelle les ann\u00e9es de\u00a0<a href=\"http:\/\/www.lefigaro.fr\/histoire\/11-fevrier-1945-le-rendez-vous-de-yalta-20250329\" target=\"_blank\" data-fig-type=\"Article\" rel=\"noopener\" data-gtm-custom-categorie=\"navigation\" data-gtm-custom-action=\"crossclick\" data-gtm-custom-label=\"Contextuel\" data-gtm-event=\"customEventSPE\" data-fig-domain=\"LEFIGARO\">Franklin Roosevelt<\/a> . La grande diff\u00e9rence, c\u2019est que FDR a mis en place toutes sortes de politiques et de services publics alors que Trump, lui, coupe tout\u00a0\u00bb, estime George Edwards, professeur de sciences politiques \u00e0 l\u2019universit\u00e9\u2026<\/p>\n<p class=\"fig-premium-paywall__infos\">\n        Cet article est r\u00e9serv\u00e9 aux abonn\u00e9s.        Il vous reste 87% \u00e0 d\u00e9couvrir.\n    <\/p>\n<p>                <img  data- alt=\"Le Figaro\" class=\"fig-img--complete fig-img\"\/><\/p>\n<p class=\"fig-premium-paywall__title\">Vous avez envie de lire la suite ?<\/p>\n<p class=\"fig-premium-paywall__subtitle\">D\u00e9bloquez tous les articles imm\u00e9diatement.<\/p>\n<p class=\"fig-premium-paywall__connect\">\n                D\u00e9j\u00e0 abonn\u00e9\u00a0?                <a class=\"fig-premium-paywall__connect-link\" href=\"https:\/\/connect.lefigaro.fr\/login?client=horizon_web&amp;type=main&amp;redirect_uri=https%3A%2F%2Fwww.lefigaro.fr%2Finternational%2Ffiscalite-moyen-orient-immigration-donald-trump-a-l-heure-des-succes-20250704\" data-js-gtm=\"{&quot;customCategorie&quot;: &quot;conversion&quot;, &quot;customAction&quot;: &quot;before_Landing_Connexion_paywall_auto&quot;, &quot;customLabel&quot;: &quot;bGVmaWdhcm8uZnJfXzFmMDU4ZThmLThkZmItNjdkYy1hNzdmLTJiZGYzMGNjMDAxN19fQXJ0aWNsZQ==_Fiscalit\u00e9, Moyen-Orient, immigration... Donald Trump \u00e0 l\u2019heure des succ\u00e8s_1000&quot;, &quot;customIDSPE&quot;: &quot;bGVmaWdhcm8uZnJfXzFmMDU4ZThmLThkZmItNjdkYy1hNzdmLTJiZGYzMGNjMDAxN19fQXJ0aWNsZQ==&quot;, &quot;event&quot;: &quot;customEventSPE&quot;}\" target=\"_blank\" rel=\"noopener\"><br \/>\n                    Connectez-vous<br \/>\n                <\/a>\n            <\/p>\n","protected":false},"excerpt":{"rendered":"ANALYSE &#8211; Sa loi budg\u00e9taire a \u00e9t\u00e9 vot\u00e9e, la Cour supr\u00eame a d\u00e9savou\u00e9 les juges qui s\u2019opposaient \u00e0&hellip;\n","protected":false},"author":2,"featured_media":226863,"comment_status":"","ping_status":"","sticky":false,"template":"","format":"standard","meta":{"footnotes":""},"categories":[1589],"tags":[11,75,73,1866,526,12,1864,1865,1863,308],"class_list":{"0":"post-226862","1":"post","2":"type-post","3":"status-publish","4":"format-standard","5":"has-post-thumbnail","7":"category-etats-unis","8":"tag-actualites","9":"tag-donald-trump","10":"tag-etats-unis","11":"tag-etats-unis-damerique","12":"tag-fiscalite","13":"tag-news","14":"tag-united-states","15":"tag-united-states-of-america","16":"tag-us","17":"tag-usa"},"share_on_mastodon":{"url":"https:\/\/pubeurope.com\/@fr\/114797752083318991","error":""},"_links":{"self":[{"href":"https:\/\/www.europesays.com\/fr\/wp-json\/wp\/v2\/posts\/226862","targetHints":{"allow":["GET"]}}],"collection":[{"href":"https:\/\/www.europesays.com\/fr\/wp-json\/wp\/v2\/posts"}],"about":[{"href":"https:\/\/www.europesays.com\/fr\/wp-json\/wp\/v2\/types\/post"}],"author":[{"embeddable":true,"href":"https:\/\/www.europesays.com\/fr\/wp-json\/wp\/v2\/users\/2"}],"replies":[{"embeddable":true,"href":"https:\/\/www.europesays.com\/fr\/wp-json\/wp\/v2\/comments?post=226862"}],"version-history":[{"count":0,"href":"https:\/\/www.europesays.com\/fr\/wp-json\/wp\/v2\/posts\/226862\/revisions"}],"wp:featuredmedia":[{"embeddable":true,"href":"https:\/\/www.europesays.com\/fr\/wp-json\/wp\/v2\/media\/226863"}],"wp:attachment":[{"href":"https:\/\/www.europesays.com\/fr\/wp-json\/wp\/v2\/media?parent=226862"}],"wp:term":[{"taxonomy":"category","embeddable":true,"href":"https:\/\/www.europesays.com\/fr\/wp-json\/wp\/v2\/categories?post=226862"},{"taxonomy":"post_tag","embeddable":true,"href":"https:\/\/www.europesays.com\/fr\/wp-json\/wp\/v2\/tags?post=226862"}],"curies":[{"name":"wp","href":"https:\/\/api.w.org\/{rel}","templated":true}]}}