{"id":22687,"date":"2025-04-13T17:17:14","date_gmt":"2025-04-13T17:17:14","guid":{"rendered":"https:\/\/www.europesays.com\/fr\/22687\/"},"modified":"2025-04-13T17:17:14","modified_gmt":"2025-04-13T17:17:14","slug":"opinion-la-meme-democratie-pour-tous-par-benoit-payan-maire-ps-de-marseille","status":"publish","type":"post","link":"https:\/\/www.europesays.com\/fr\/22687\/","title":{"rendered":"OPINION. \u00ab\u202fLa m\u00eame d\u00e9mocratie pour tous\u2009!\u202f\u00bb, par Beno\u00eet Payan, maire PS de Marseille"},"content":{"rendered":"<p>En France, depuis 1983, les \u00adParisiens, Marseillais et Lyonnais expriment <a href=\"https:\/\/www.latribune.fr\/economie\/france\/paris-lyon-marseille-a-qui-profiterait-le-scrutin-municipal-direct-1020302.html\" target=\"_blank\" rel=\"noopener\">leur suffrage<\/a> dans des conditions complexes et peu lisibles. Adopt\u00e9 en catastrophe \u00e0 la fin de l&rsquo;ann\u00e9e 1982, et appliqu\u00e9 trois mois plus tard pour le scrutin municipal, le texte permettait \u00e0 Marseille l&rsquo;\u00e9lection d&rsquo;un maire minoritaire en nombre de suffrages. Par <a href=\"https:\/\/www.latribune.fr\/la-tribune-dimanche\/opinions\/opinion-plm-l-absurdite-d-une-reforme-par-renaud-muselier-president-de-la-region-provence-alpes-cote-d-azur-1022234.html\" target=\"_blank\" rel=\"noopener\">une r\u00e9forme<\/a> simple de retour au suffrage classique, comme dans les 34\u2009952\u202fautres communes, nous pouvons nous rapprocher des fondements de notre d\u00e9mocratie qui \u00e9tablit dans un principe cardinal l&rsquo;\u00e9galit\u00e9 des citoyens\u2009: un citoyen, une voix.<\/p>\n<p>Le Parlement a entam\u00e9 l&rsquo;examen d&rsquo;une loi qui a cr\u00e9\u00e9 il y a plus de quarante ans une exception \u00e9lectorale pour <a href=\"https:\/\/www.latribune.fr\/opinions\/tribunes\/reforme-du-scrutin-municipal-ce-qui-vaut-pour-paris-vaut-aussi-pour-les-1200-intercommunalites-du-pays-980722.html\" target=\"_blank\" rel=\"noopener\">les trois plus grandes villes fran\u00e7aises, Paris, Marseille et Lyon<\/a>. L&rsquo;Assembl\u00e9e nationale vient d&rsquo;adopter un texte qui sera bient\u00f4t -\u202fet je le souhaite\u202f- am\u00e9lior\u00e9 par les s\u00e9nateurs.<\/p>\n<p>Une r\u00e9forme bien accueille par les Fran\u00e7ais<\/p>\n<p>La simplification de ce syst\u00e8me obsol\u00e8te trouve un consensus clair et large chez les citoyens concern\u00e9s\u2009: les derniers sondages r\u00e9alis\u00e9s confirment que 91\u202f% des Parisiens, 88\u202f% des Marseillais et 81\u202f% des Lyonnais se disent \u00ab\u202ffavorables \u00e0 une simplification du mode de scrutin de <a href=\"https:\/\/www.latribune.fr\/economie\/france\/municipales-a-paris-david-belliard-se-porte-candidat-a-la-primaire-ecologiste-1016854.html\" target=\"_blank\" rel=\"noopener\">l&rsquo;\u00e9lection municipale\u202f<\/a>\u00bb. Entendre et respecter cette volont\u00e9 et engager une r\u00e9forme l\u00e9gislative est un signal d\u00e9mocratique puissant. Nos institutions et nos lois ne sont pas grav\u00e9es dans le marbre, elles doivent savoir se moderniser, s&rsquo;am\u00e9liorer et \u00e9voluer.<\/p>\n<p>Disons-le clairement\u2009: on ne peut \u00e0 la fois d\u00e9plorer la crise de la repr\u00e9sentativit\u00e9, l&rsquo;\u00e9loignement, la d\u00e9ception et le d\u00e9sint\u00e9r\u00eat des \u00e9lecteurs envers la politique, l&rsquo;essoufflement de nos institutions, et soutenir un syst\u00e8me \u00e9lectoral biais\u00e9.<\/p>\n<p>Une relique du pass\u00e9 ?<\/p>\n<p>Au moment o\u00f9 le nombre d&rsquo;habitants \u00e0 \u00ad<a href=\"https:\/\/www.latribune.fr\/la-tribune-dimanche\/planete\/toulouse-veut-sauver-la-garonne-1012664.html\" target=\"_blank\" rel=\"noopener\">Toulouse<\/a> va d\u00e9passer celui de Lyon, le crit\u00e8re de distinction des trois plus grandes villes de France pos\u00e9 il y a quarante-\u00addeux ans ne vaut plus.<\/p>\n<p>\u00c0 l&rsquo;heure o\u00f9 notre organisation territoriale s&rsquo;apparente \u00e0 un millefeuille indigeste, cr\u00e9ant r\u00e9guli\u00e8rement des strates sans en supprimer aucune, d\u00e9multipliant le nombre des \u00e9lus en fractionnant leurs pouvoirs et donc leur responsabilit\u00e9 envers leurs \u00e9lecteurs, nous avons besoin de clart\u00e9.<\/p>\n<p>Rien ne justifie, enfin, que le vote d&rsquo;un \u00e9lecteur de Paris, Marseille ou Lyon ait un poids \u00addiff\u00e9rent sur l&rsquo;action municipale selon l&rsquo;arrondissement o\u00f9 il r\u00e9side.<\/p>\n<p>Plus rien ne justifie que la voix d&rsquo;un \u00adParisien, d&rsquo;un Marseillais ou d&rsquo;un Lyonnais ne vaille pas celle d&rsquo;un Bordelais, d&rsquo;un Toulousain ou d&rsquo;un Ni\u00e7ois. Rien ne justifie, non plus, que la liste arriv\u00e9e en t\u00eate des suffrages ne b\u00e9n\u00e9ficie pas, comme dans la totalit\u00e9 des autres communes de plus de mille habitants, d&rsquo;une majorit\u00e9 au conseil municipal, qui est la garantie d&rsquo;une stabilit\u00e9.<\/p>\n<p>Rien ne justifie, enfin, que le vote d&rsquo;un \u00e9lecteur de Paris, Marseille ou Lyon ait un poids \u00addiff\u00e9rent sur l&rsquo;action municipale selon l&rsquo;arrondissement o\u00f9 il r\u00e9side.<\/p>\n<p>Une nouvelle loi visant \u00e0 r\u00e9unir<\/p>\n<p>La seule boussole de nos institutions doit \u00eatre le lien des \u00e9lus aux citoyens, l&rsquo;expression claire et intelligible du suffrage qui les unit. Cet enjeu d\u00e9passe les contingences locales et les calculs politiques. Les d\u00e9bats qui se sont tenus \u00e0 l&rsquo;Assembl\u00e9e nationale cette semaine ont montr\u00e9 des divergences, entre les partis politiques et au sein de ceux-ci, concernant les modalit\u00e9s de <a href=\"https:\/\/www.latribune.fr\/la-tribune-dimanche\/opinions\/opinion-plm-l-absurdite-d-une-reforme-par-renaud-muselier-president-de-la-region-provence-alpes-cote-d-azur-1022234.html\" target=\"_blank\" rel=\"noopener\">r\u00e9vision de la loi PML<\/a>. Le suffrage des citoyens ne peut et ne doit pas \u00eatre l&rsquo;otage du d\u00e9bat politicien. Seul compte l&rsquo;objectif d\u00e9mocratique\u2009: simplicit\u00e9, clart\u00e9, proximit\u00e9.<\/p>\n<p>Alors que nous sommes en premi\u00e8re ligne, le premier et parfois le dernier lien des citoyens \u00e0 leurs repr\u00e9sentants, nous, maires, devons \u00eatre renforc\u00e9s dans nos comp\u00e9tences pour mener \u00e0 bien notre travail quotidien, et continuer \u00e0 tenir notre place particuli\u00e8re parmi les \u00e9lus.<\/p>\n<p>Respecter la voix de chacun, faire que la d\u00e9mocratie soit la m\u00eame pour toutes et tous\u2009: c&rsquo;est la demande des habitants de nos villes. Il\u202fappartient au Parlement de leur r\u00e9pondre. Il\u202flui appartient de r\u00e9parer cette anomalie d\u00e9mocratique et d&rsquo;entendre les citoyens qui demandent \u00e0 retrouver confiance dans des \u00adinstitutions plus agiles, modernes et qui savent les \u00e9couter.<\/p>\n","protected":false},"excerpt":{"rendered":"En France, depuis 1983, les \u00adParisiens, Marseillais et Lyonnais expriment leur suffrage dans des conditions complexes et peu&hellip;\n","protected":false},"author":2,"featured_media":22688,"comment_status":"","ping_status":"","sticky":false,"template":"","format":"standard","meta":{"footnotes":""},"categories":[2814],"tags":[17,1111,11,7756,1777,674,1011,27,4743,3102,884,3133,12,4536,5912,471,882,25,3387],"class_list":{"0":"post-22687","1":"post","2":"type-post","3":"status-publish","4":"format-standard","5":"has-post-thumbnail","7":"category-marseille","8":"tag-17","9":"tag-actu","10":"tag-actualites","11":"tag-democratie","12":"tag-eu","13":"tag-europe","14":"tag-fr","15":"tag-france","16":"tag-la","17":"tag-la-tribune-dimanche","18":"tag-marseille","19":"tag-meme","20":"tag-news","21":"tag-opinion","22":"tag-par","23":"tag-pour","24":"tag-provence-alpes-cote-dazur","25":"tag-republique-francaise","26":"tag-tous"},"share_on_mastodon":{"url":"https:\/\/pubeurope.com\/@fr\/114331795077288740","error":""},"_links":{"self":[{"href":"https:\/\/www.europesays.com\/fr\/wp-json\/wp\/v2\/posts\/22687","targetHints":{"allow":["GET"]}}],"collection":[{"href":"https:\/\/www.europesays.com\/fr\/wp-json\/wp\/v2\/posts"}],"about":[{"href":"https:\/\/www.europesays.com\/fr\/wp-json\/wp\/v2\/types\/post"}],"author":[{"embeddable":true,"href":"https:\/\/www.europesays.com\/fr\/wp-json\/wp\/v2\/users\/2"}],"replies":[{"embeddable":true,"href":"https:\/\/www.europesays.com\/fr\/wp-json\/wp\/v2\/comments?post=22687"}],"version-history":[{"count":0,"href":"https:\/\/www.europesays.com\/fr\/wp-json\/wp\/v2\/posts\/22687\/revisions"}],"wp:featuredmedia":[{"embeddable":true,"href":"https:\/\/www.europesays.com\/fr\/wp-json\/wp\/v2\/media\/22688"}],"wp:attachment":[{"href":"https:\/\/www.europesays.com\/fr\/wp-json\/wp\/v2\/media?parent=22687"}],"wp:term":[{"taxonomy":"category","embeddable":true,"href":"https:\/\/www.europesays.com\/fr\/wp-json\/wp\/v2\/categories?post=22687"},{"taxonomy":"post_tag","embeddable":true,"href":"https:\/\/www.europesays.com\/fr\/wp-json\/wp\/v2\/tags?post=22687"}],"curies":[{"name":"wp","href":"https:\/\/api.w.org\/{rel}","templated":true}]}}