{"id":226876,"date":"2025-07-05T00:24:19","date_gmt":"2025-07-05T00:24:19","guid":{"rendered":"https:\/\/www.europesays.com\/fr\/226876\/"},"modified":"2025-07-05T00:24:19","modified_gmt":"2025-07-05T00:24:19","slug":"le-jour-dindependence-day-lamericain-davis-bryant-soffre-la-tete-a-munich-ravetto-et-coussaud-dans-le-top-15","status":"publish","type":"post","link":"https:\/\/www.europesays.com\/fr\/226876\/","title":{"rendered":"Le jour d\u2019Independence Day, l\u2019Am\u00e9ricain Davis Bryant s\u2019offre la t\u00eate \u00e0 Munich. Ravetto et Coussaud dans le top 15"},"content":{"rendered":"<p>\t\t\t\t\t\t<img width=\"770\" height=\"556\" src=\"https:\/\/www.europesays.com\/fr\/wp-content\/uploads\/2025\/07\/davisbryantgettyimages-770x556.jpeg\" class=\"img-responsive wp-post-image\" alt=\"\" decoding=\"async\" fetchpriority=\"high\"  \/>\t\t\t\t\t<\/p>\n<p>\t\t\t\t\t\t Partager cet article <\/p>\n<p class=\"screen-reader-text juiz_sps_maybe_hidden_text\">Partager la publication \u00ab\u00a0Le jour d\u2019Independence Day, l\u2019Am\u00e9ricain Davis Bryant s\u2019offre la t\u00eate \u00e0 Munich. Ravetto et Coussaud dans le top 15\u00a0\u00bb<\/p>\n<p><strong>Connu jusque-l\u00e0 pour avoir termin\u00e9 3e de la finale des Cartes europ\u00e9ennes en novembre en Espagne avec un score fleuve de -27, Davis Bryant (photo), 25 ans, 576e mondial, prend les commandes du BMW International Open devant le Norv\u00e9gien Kristoffer Reitan. Sept Fran\u00e7ais passent le cut !<\/strong><\/p>\n<p>\u00a0<\/p>\n<p><strong>L.V.<\/strong><\/p>\n<p><strong>Davis Bryant<\/strong> a trouv\u00e9 le moment id\u00e9al pour \u00e9clater au grand jour sur le Tour europ\u00e9en. Le jour de l\u2019Ind\u00e9pendance de son pays, un 4 juillet, l\u2019Am\u00e9ricain \u00e2g\u00e9 seulement de 25 ans prend ainsi les commandes du <strong>BMW International Open<\/strong>.<\/p>\n<p><a href=\"https:\/\/www.europeantour.com\/dpworld-tour\/bmw-international-open-2025\/leaderboard?round=2\" target=\"_blank\" rel=\"noopener nofollow\">Retrouvez le classement complet et les tee times du 3e tour<\/a><\/p>\n<p>\t\t\t\t\t<a id=\"177170\" href=\"https:\/\/www.golfplanete.com\/actualites\/le-jour-dindependence-day-lamericain-davis-bryant-soffre-la-tete-a-munich-ravetto-et-coussaud-dans-le-top-15\/mailto:h6660@accor.com\" target=\"_blank\" rel=\"sponsorised nofollow noopener\"><img decoding=\"async\" src=\"data:image\/svg+xml,%3Csvg%20xmlns=\" http:=\"\" class=\"img-responsive\" alt=\"\" data-lazy-src=\"https:\/\/www.europesays.com\/fr\/wp-content\/uploads\/2025\/06\/cabot-e03-offre-speciale-ete-1170x275-1.gif\"\/><\/a><\/p>\n<p>Gr\u00e2ce \u00e0 une carte compl\u00e8tement folle de 63 (-9) constell\u00e9e de neuf birdies, d\u2019un trou en un mais aussi de deux bogeys, l\u2019ancien \u00e9tudiant de l\u2019universit\u00e9 d\u2019\u00e9tat du Colorado caracole tout en haut du leaderboard avec un score de -12 (132), deux coups devant le Norv\u00e9gien <strong>Kristoffer Reitan<\/strong>, r\u00e9cent vainqueur en Belgique au <strong>Soudal Open<\/strong>, alors que le trio compos\u00e9 des Anglais <strong>Jordan Smith<\/strong> et <strong>Daniel Brown<\/strong> ainsi que du Japonais <strong>Yuto Katsuragawa<\/strong> est \u00e0 trois longueurs derri\u00e8re.<\/p>\n<p>\u00a0<\/p>\n<blockquote class=\"twitter-tweet\">\n<p dir=\"ltr\" lang=\"en\">Davis Bryant is the solo leader heading into the weekend \ud83d\udcca<a href=\"https:\/\/twitter.com\/hashtag\/BMWInternationalOpen?src=hash&amp;ref_src=twsrc%5Etfw\" rel=\"nofollow noopener\" target=\"_blank\">#BMWInternationalOpen<\/a><\/p>\n<p>\u2014 DP World Tour (@DPWorldTour) <a href=\"https:\/\/twitter.com\/DPWorldTour\/status\/1941201803917582744?ref_src=twsrc%5Etfw\" rel=\"nofollow noopener\" target=\"_blank\">July 4, 2025<\/a><\/p>\n<\/blockquote>\n<p>\u00a0<\/p>\n<p>576e joueur mondial, Bryant avait jusque-l\u00e0 fait surtout parler de lui en ayant termin\u00e9 3e des <strong>PQ3<\/strong> en novembre dernier \u00e0 <strong>Lumine<\/strong> (Espagne), signant au passage la meilleure performance d\u2019un golfeur am\u00e9ricain dans ce marathon en six tours. Auteur de deux tops 10 sur l\u2019<strong>HotelPlanner Tour<\/strong> plus t\u00f4t dans la saison, c\u2019est en finissant 10e de l\u2019<strong>Italian Open<\/strong> la semaine pass\u00e9e en Toscane qu\u2019il a pu valider sa pr\u00e9sence en Bavi\u00e8re pour l\u2019ultime rendez-vous de l\u2019<strong>European Swing<\/strong>.<\/p>\n<blockquote><p>\nPour \u00eatre honn\u00eate, je n\u2019ai pas l\u2019impression d\u2019avoir jou\u00e9 mon meilleur golf depuis les PQ3<\/p>\n<p>Davis Bryant<\/p>\n<\/blockquote>\n<p>\u00ab Pour \u00eatre honn\u00eate, je n\u2019ai pas l\u2019impression d\u2019avoir jou\u00e9 mon meilleur golf depuis les PQ3, souffle celui qui avait jou\u00e9 -27 \u00e0 la finale des Cartes europ\u00e9ennes. J\u2019ai eu un peu de temps libre pendant les vacances, j\u2019ai particip\u00e9 \u00e0 quelques tournois du HotelPlanner Tour pour commencer l\u2019ann\u00e9e et j\u2019ai l\u2019impression que mon jeu commence \u00e0 revenir l\u00e0 o\u00f9 je le souhaite. \u00bb<\/p>\n<p>\u00ab Je suis vraiment tr\u00e8s content du r\u00e9sultat de la semaine derni\u00e8re et des deux premiers tours ici, ajoute-t-il au micro du <strong>DP World Tour<\/strong>. Je ne me projette pas trop loin pour l\u2019instant. Il reste encore deux tours \u00e0 jouer. \u00bb<\/p>\n<p>\t\t\t\t\t<a id=\"178017\" href=\"https:\/\/www.formigolf.fr\/voyage-pays~jardin-de-tecina-4etoiles-la-gomera~75~canaries\" target=\"_blank\" rel=\"sponsorised nofollow noopener\"><img decoding=\"async\" src=\"data:image\/svg+xml,%3Csvg%20xmlns=\" http:=\"\" class=\"img-responsive\" alt=\"\" data-lazy-src=\"https:\/\/www.europesays.com\/fr\/wp-content\/uploads\/2025\/07\/formigolf-e07-canaries-gomera-1170x275-1.gif\"\/><\/a><\/p>\n<p>\u00a0<\/p>\n<p>Coussaud et Ravetto sortent du top 10<\/p>\n<p><a href=\"https:\/\/www.golfplanete.com\/actualites\/ugo-coussaud-co-leader-a-munich-les-francais-surfent-sur-la-bonne-vague\/\" target=\"_blank\" rel=\"noopener nofollow\">Co-leader la veille<\/a>, <strong>Ugo Coussaud<\/strong> recule de 14 places avec son 71 (-1) du jour et pointe d\u00e9sormais au 15e rang \u00e0 -6 (138) en compagnie de <strong>David Ravetto<\/strong>, 70 (-2) aujourd\u2019hui. Les deux Fran\u00e7ais sont d\u00e9j\u00e0 \u00e0 six coups de Bryant mais le top 3 demeure \u00e0 port\u00e9e de driver.<\/p>\n<p>Respectivement 69 (-3) et 70 dans cette journ\u00e9e perturb\u00e9e en d\u00e9but de matin\u00e9e par les orages (1h45 d\u2019interruption de jeu), <strong>Adrien Saddier<\/strong> et <strong>Cl\u00e9ment Sordet<\/strong> occupent la 26e place \u00e0 -5 (139) avec <strong>Fr\u00e9d\u00e9ric Lacroix<\/strong> (lui aussi 69) et devant <strong>Alexander Levy<\/strong> (37e \u00e0 -4).<\/p>\n<p>\u00a0<\/p>\n<p>Exit Martin Couvra et Sergio Garcia<\/p>\n<p>En qu\u00eate de points pr\u00e9cieux afin de conserver un droit de jeu sur le Tour en 2026, le Varois, tout comme <strong>Jeong weon Ko<\/strong>, 53e \u00e0 -3 et dernier Fran\u00e7ais ayant franchi le cut, joueront deux tr\u00e8s importants tours suppl\u00e9mentaires ce week-end.<\/p>\n<p>De retour sur le Tour europ\u00e9en pour la premi\u00e8re fois depuis septembre 2022, <strong>Sergio Garcia<\/strong> a manqu\u00e9 son rendez-vous. Le joueur du <strong>LIV Golf<\/strong>, qui disputera <strong>The Open<\/strong> dans quinze jours \u00e0 <strong>Portrush<\/strong> (Irlande du Nord), finit tr\u00e8s loin du compte \u00e0 +3 (135e), aux c\u00f4t\u00e9s de <strong>Martin Couvra<\/strong>, 76 (+4) ce vendredi. C\u2019est son premier \u00e9chec depuis le Soudal Open \u00e0 la fin du mois de mai !<\/p>\n<p>\t\t\t\t\t<a id=\"178032\" href=\"https:\/\/www.golfy.fr\/landing\/golf-planete-decouvrez-les-golfs-collections-du-reseau-golfy?utm_source=golf_planete&amp;utm_medium=display&amp;utm_campaign=golfs_collection_2025\" target=\"_blank\" rel=\"sponsorised nofollow noopener\"><img decoding=\"async\" src=\"data:image\/svg+xml,%3Csvg%20xmlns=\" http:=\"\" class=\"img-responsive\" alt=\"\" data-lazy-src=\"https:\/\/www.europesays.com\/fr\/wp-content\/uploads\/2025\/06\/golfy-e06-golfs-collection-france-ete-1170x275-1.jpg\"\/><\/a><\/p>\n<p>\u00a0<\/p>\n<p>Le leaderboard<\/p>\n<p><img loading=\"lazy\" decoding=\"async\" class=\"alignnone wp-image-178506 size-large\" src=\"data:image\/svg+xml,%3Csvg%20xmlns=\" http:=\"\" alt=\"\" width=\"770\" height=\"494\" data-lazy- data-lazy- data-lazy-src=\"https:\/\/www.europesays.com\/fr\/wp-content\/uploads\/2025\/07\/capture1dp-1-770x494.jpg\"\/><\/p>\n<p><img loading=\"lazy\" decoding=\"async\" class=\"alignnone wp-image-178507 size-large\" src=\"data:image\/svg+xml,%3Csvg%20xmlns=\" http:=\"\" alt=\"\" width=\"770\" height=\"195\" data-lazy- data-lazy- data-lazy-src=\"https:\/\/www.europesays.com\/fr\/wp-content\/uploads\/2025\/07\/capture2dp-1-770x195.jpg\"\/><\/p>\n<p>\u00a0<\/p>\n<p>Le leaderboard des Fran\u00e7ais<\/p>\n<p><img loading=\"lazy\" decoding=\"async\" class=\"alignnone wp-image-178508 size-large\" src=\"data:image\/svg+xml,%3Csvg%20xmlns=\" http:=\"\" alt=\"\" width=\"770\" height=\"343\" data-lazy- data-lazy- data-lazy-src=\"https:\/\/www.europesays.com\/fr\/wp-content\/uploads\/2025\/07\/capturedp3-770x343.jpg\"\/><\/p>\n<p><img loading=\"lazy\" decoding=\"async\" class=\"alignnone wp-image-178509 size-large\" src=\"data:image\/svg+xml,%3Csvg%20xmlns=\" http:=\"\" alt=\"\" width=\"770\" height=\"341\" data-lazy- data-lazy- data-lazy-src=\"https:\/\/www.europesays.com\/fr\/wp-content\/uploads\/2025\/07\/capturedp4-770x341.jpg\"\/><\/p>\n<p>\u00a0<\/p>\n<p>Photo : Getty Images<\/p>\n<p>\t\t\t<script async src=\"https:\/\/platform.twitter.com\/widgets.js\" charset=\"utf-8\"><\/script><\/p>\n","protected":false},"excerpt":{"rendered":"Partager cet article Partager la publication \u00ab\u00a0Le jour d\u2019Independence Day, l\u2019Am\u00e9ricain Davis Bryant s\u2019offre la t\u00eate \u00e0 Munich.&hellip;\n","protected":false},"author":2,"featured_media":226877,"comment_status":"","ping_status":"","sticky":false,"template":"","format":"standard","meta":{"footnotes":""},"categories":[1418],"tags":[1011,27,1472,60],"class_list":{"0":"post-226876","1":"post","2":"type-post","3":"status-publish","4":"format-standard","5":"has-post-thumbnail","7":"category-golf","8":"tag-fr","9":"tag-france","10":"tag-golf","11":"tag-sports"},"share_on_mastodon":{"url":"https:\/\/pubeurope.com\/@fr\/114797783768763618","error":""},"_links":{"self":[{"href":"https:\/\/www.europesays.com\/fr\/wp-json\/wp\/v2\/posts\/226876","targetHints":{"allow":["GET"]}}],"collection":[{"href":"https:\/\/www.europesays.com\/fr\/wp-json\/wp\/v2\/posts"}],"about":[{"href":"https:\/\/www.europesays.com\/fr\/wp-json\/wp\/v2\/types\/post"}],"author":[{"embeddable":true,"href":"https:\/\/www.europesays.com\/fr\/wp-json\/wp\/v2\/users\/2"}],"replies":[{"embeddable":true,"href":"https:\/\/www.europesays.com\/fr\/wp-json\/wp\/v2\/comments?post=226876"}],"version-history":[{"count":0,"href":"https:\/\/www.europesays.com\/fr\/wp-json\/wp\/v2\/posts\/226876\/revisions"}],"wp:featuredmedia":[{"embeddable":true,"href":"https:\/\/www.europesays.com\/fr\/wp-json\/wp\/v2\/media\/226877"}],"wp:attachment":[{"href":"https:\/\/www.europesays.com\/fr\/wp-json\/wp\/v2\/media?parent=226876"}],"wp:term":[{"taxonomy":"category","embeddable":true,"href":"https:\/\/www.europesays.com\/fr\/wp-json\/wp\/v2\/categories?post=226876"},{"taxonomy":"post_tag","embeddable":true,"href":"https:\/\/www.europesays.com\/fr\/wp-json\/wp\/v2\/tags?post=226876"}],"curies":[{"name":"wp","href":"https:\/\/api.w.org\/{rel}","templated":true}]}}