{"id":226888,"date":"2025-07-05T00:32:10","date_gmt":"2025-07-05T00:32:10","guid":{"rendered":"https:\/\/www.europesays.com\/fr\/226888\/"},"modified":"2025-07-05T00:32:10","modified_gmt":"2025-07-05T00:32:10","slug":"psg-al-khelaifi-fier-de-ses-guerriers-maxifoot","status":"publish","type":"post","link":"https:\/\/www.europesays.com\/fr\/226888\/","title":{"rendered":"PSG : Al-Khela\u00effi fier de ses guerriers &#8211; Maxifoot"},"content":{"rendered":"<ol>\n<li><a href=\"https:\/\/news.google.com\/rss\/articles\/CBMigwFBVV95cUxOei1oVk1XN1hiS19VQ0V6bHBrRy0xVE1KRGVFUVB6eGFxUGdmeFdzemNVQmtBQkkxZVV6aDd4MXdOLWU5cFRNa1JpXzl3Qm9FOXptMGFoRDVIOFI0bUF2cExwZ29CVXVQLTNkNkdHaHJZNWE5VGpSeWcwNGExbl9Fd1VTONIBgwFBVV95cUxQMHFJUktlaDFFanQ5WFNtRk5FcHRzNmlOeGt4M1cycFljSzRHOWJrUFFRRldOX3JXY0FFY1hvY1RKN0ZQd1NmZXhIeGlibVI1LUNneGdWWkpRMy1Fc0RSaXdxUElDUWdGNTJQSzEzcnJRV095VTM1dEdFRU50bTlDcE16dw?oc=5\" target=\"_blank\" rel=\"noopener\">PSG : Al-Khela\u00effi fier de ses guerriers<\/a>&nbsp;&nbsp;Maxifoot<\/li>\n<li><a href=\"https:\/\/news.google.com\/rss\/articles\/CBMitwJBVV95cUxNS0wtRlVYSi1qUmZsTzJ3eWZfLXM3aXdFeUpWN0FMNTd4WUYyS2VONnFDX0FBa240aDlSMkZXM3JpWXgxWU5ZNG5LaXFTOFNLZ1pWMEVYczRsWElXQzdTNERtRTFPODM2eEY5TUlydGNweUxITUlTSVVKTDFIYXNkYTBFeE4yc2xYSkdoc1hGa0x1a1pNVURVLWhlaVdYTl9RTFgzVFFWWnFuZkNqNzhMMjR0ZjQzcVZ6YjZiRTFseXpMeVBVTXV4XzZNQUh2Q0VwaEl0VVhfMlVhSUdxZmxTYTBLYU9lSGpueU43dUc5ZDdvYlFickxXOFpxNjNKX01WVExuVDFNLU9hMk5zaXdPN01oclloWlNuSmpfNmZmQjVRS0lBRTFBdVBLSTJuaG1FYkdsOWZtMA?oc=5\" target=\"_blank\" rel=\"noopener\">Choix insolite, fin ubuesque : San\u00e9, g\u00e2chis jusqu&rsquo;au bout<\/a>&nbsp;&nbsp;Eurosport<\/li>\n<li><a href=\"https:\/\/news.google.com\/rss\/articles\/CBMi4gFBVV95cUxOVjhveGJ2VmZzM0p2M0NFTDdOaFhJVm9YaWZlblkwQm1nQnlUWDR5WHR5Zy11dWJXYWtwQjNKNE9vRDBvNi15LVczZXJPMmtBM3BoSzBjVUZELWgzTlVMSlVUNkNSeVN2VFFFWEQxMFoycXcwQndHdFU0SFc2YzBLcVJ6eVo4dzl3aGlfcGp3Z251eVhFNEN3VGNVak1hTkx0N2s1R3FuUE81b3NjbEZlVWN3d3hUOWtaRlE4VUZIV0NCRUVMeGxPVV9jdjM1WnA2ckZQUlo5VzN6OG53SFJMTzBn?oc=5\" target=\"_blank\" rel=\"noopener\">PRONOS PARIS RMC Les paris sur Paris-SG \u2013 Bayern du 5 juillet \u2013 \u00bc de finale CDM des Clubs<\/a>&nbsp;&nbsp;RMC Sport<\/li>\n<li><a href=\"https:\/\/news.google.com\/rss\/articles\/CBMiqwJBVV95cUxON3lFdHVvNno5d0E0SXU3QTNtdUU2eGVLZjByeUQyRGMySktXU3lNenY5QUNBSFF2QjFwWXAyX1hFSS1rX1BNXzNoV09NVkFlWTEzYmt6bDQ5WG15d3JqOHdUNEFlQ1RkcWFWdVllNVdjVk5rM2ZCdWd4Yk10RllrQ3Fkc2xfTHJqd3NqNXBmTHRiTGJ1OEd3VS02a0tTWmd4cExCN0kzRE1fNnl4c084TkVMODRpTHVWZDFRMThrUFd4S1FFYndKYlkwTEtNamxIc1gtWXhqa1F0Y3JuZDBpakVSbHdjdEFVY1FZaFhfOFRrSzF1UWZRVG8wR285SEQ1a1VvUGFzcEZWUVI0WnVJUjhaZVN3Tl94RDI5V1hWRXBVaUs0cU9iQWpGWQ?oc=5\" target=\"_blank\" rel=\"noopener\">PSG-Bayern Munich : la composition probable avec l\u2019attaque de la finale de la Ligue des champions<\/a>&nbsp;&nbsp;Le Parisien<\/li>\n<li><a href=\"https:\/\/news.google.com\/rss\/articles\/CBMimwFBVV95cUxPZkJtQUhLM2swamQ1TDJscDBXTTlqVFNwQkI1aHNQVW5ZTXZ2NFlrVXZ1U2YxRmdGb3hVMDU5NXk2Y1BJeE5waVZWM2ZjajVOWndoaGp5NHN3ZEVkc0RhTVhyN25HM1dObGQwUl9WLW5tMGdjbVQ5QzgtR0VPRm5TbVJBeEhKNmxnWGtJbW9xNzZaLVowZkZQZzBRNA?oc=5\" target=\"_blank\" rel=\"noopener\">Mondial des clubs : l\u2019arbitre de PSG-Bayern est connu<\/a>&nbsp;&nbsp;Foot Mercato<\/li>\n<\/ol>\n","protected":false},"excerpt":{"rendered":"PSG : Al-Khela\u00effi fier de ses guerriers&nbsp;&nbsp;Maxifoot Choix insolite, fin ubuesque : San\u00e9, g\u00e2chis jusqu&rsquo;au bout&nbsp;&nbsp;Eurosport PRONOS PARIS&hellip;\n","protected":false},"author":2,"featured_media":226889,"comment_status":"","ping_status":"","sticky":false,"template":"","format":"standard","meta":{"footnotes":""},"categories":[1410],"tags":[2266,2262,2261,1981,83,2260,451,2263,462,2269,2257,63,1011,27,2265,1441,453,66,447,2267,955,2268,241,149,70,1817,93,2264,2258,2259,60,969,455],"class_list":{"0":"post-226888","1":"post","2":"type-post","3":"status-publish","4":"format-standard","5":"has-post-thumbnail","7":"category-football","8":"tag-as-monaco","9":"tag-bundesligua","10":"tag-calcio","11":"tag-classement","12":"tag-coupe-de-france","13":"tag-coupe-de-la-ligue","14":"tag-coupe-du-monde","15":"tag-equipe","16":"tag-fc-nantes","17":"tag-fifa","18":"tag-foot","19":"tag-football","20":"tag-fr","21":"tag-france","22":"tag-girondins-bordeaux","23":"tag-joueur","24":"tag-liga","25":"tag-ligue-1","26":"tag-ligue-des-champions","27":"tag-losc","28":"tag-match","29":"tag-ogc-nice","30":"tag-ol","31":"tag-om","32":"tag-premier-league","33":"tag-pronostic","34":"tag-psg","35":"tag-rc-lens","36":"tag-resultat","37":"tag-score","38":"tag-sports","39":"tag-transfert","40":"tag-uefa"},"share_on_mastodon":{"url":"https:\/\/pubeurope.com\/@fr\/114797815191695716","error":""},"_links":{"self":[{"href":"https:\/\/www.europesays.com\/fr\/wp-json\/wp\/v2\/posts\/226888","targetHints":{"allow":["GET"]}}],"collection":[{"href":"https:\/\/www.europesays.com\/fr\/wp-json\/wp\/v2\/posts"}],"about":[{"href":"https:\/\/www.europesays.com\/fr\/wp-json\/wp\/v2\/types\/post"}],"author":[{"embeddable":true,"href":"https:\/\/www.europesays.com\/fr\/wp-json\/wp\/v2\/users\/2"}],"replies":[{"embeddable":true,"href":"https:\/\/www.europesays.com\/fr\/wp-json\/wp\/v2\/comments?post=226888"}],"version-history":[{"count":0,"href":"https:\/\/www.europesays.com\/fr\/wp-json\/wp\/v2\/posts\/226888\/revisions"}],"wp:featuredmedia":[{"embeddable":true,"href":"https:\/\/www.europesays.com\/fr\/wp-json\/wp\/v2\/media\/226889"}],"wp:attachment":[{"href":"https:\/\/www.europesays.com\/fr\/wp-json\/wp\/v2\/media?parent=226888"}],"wp:term":[{"taxonomy":"category","embeddable":true,"href":"https:\/\/www.europesays.com\/fr\/wp-json\/wp\/v2\/categories?post=226888"},{"taxonomy":"post_tag","embeddable":true,"href":"https:\/\/www.europesays.com\/fr\/wp-json\/wp\/v2\/tags?post=226888"}],"curies":[{"name":"wp","href":"https:\/\/api.w.org\/{rel}","templated":true}]}}