{"id":226890,"date":"2025-07-05T00:33:09","date_gmt":"2025-07-05T00:33:09","guid":{"rendered":"https:\/\/www.europesays.com\/fr\/226890\/"},"modified":"2025-07-05T00:33:09","modified_gmt":"2025-07-05T00:33:09","slug":"brad-pitt-reconnait-avoir-fait-des-erreurs-suite-a-son-divorce-avec-angelina-jolie","status":"publish","type":"post","link":"https:\/\/www.europesays.com\/fr\/226890\/","title":{"rendered":"Brad Pitt reconna\u00eet avoir \u00ab fait des erreurs \u00bb suite \u00e0 son divorce avec Angelina Jolie"},"content":{"rendered":"<p>\u00c0 61 ans, <a href=\"https:\/\/www.vanityfair.fr\/dossier\/brad-pitt\" isautogenerated=\"true\" target=\"_blank\" rel=\"noopener\"><strong>Brad Pitt<\/strong><\/a> semble reconstruire sa vie. Une nouvelle garde-robe, une idylle avec <a href=\"https:\/\/www.vanityfair.fr\/galerie\/le-marathon-mode-de-brad-pitt-au-bras-dines-de-ramon-pour-retrouver-bradley-cooper-et-gigi-hadid\" target=\"_blank\" rel=\"noopener\"><strong>Ines de Ramon<\/strong><\/a>, de 29 ans sa cadette, et un nouveau film \u00e0 succ\u00e8s, <a href=\"https:\/\/www.vanityfair.fr\/article\/f1-le-film-critique-brad-pitt-un-blockbuster-qui-sonne-creux\" target=\"_blank\" rel=\"noopener\">F1<\/a>, en t\u00eate du box-office\u2026 M\u00eame si tout semble aller pour le mieux pour l&rsquo;acteur, cela ne l&#8217;emp\u00eache pas de se questionner sur son pass\u00e9 et d&rsquo;\u00e9mettre quelques regrets. Leur sujet principal ? Sa relation avec son ex-femme, <strong><a href=\"https:\/\/www.vanityfair.fr\/dossier\/angelina-jolie\" isautogenerated=\"true\" target=\"_blank\" rel=\"noopener\">Angelina Jolie<\/a>,<\/strong> et celle avec ses six enfants. Une source proche de l&rsquo;acteur a confi\u00e9 \u00e0 <a data-offer-url=\"https:\/\/www.usmagazine.com\/celebrity-news\/news\/brad-pitt-knows-he-made-mistakes-after-settling-divorce-excl\/\" class=\"external-link\" data-event-click=\"{&quot;element&quot;:&quot;ExternalLink&quot;,&quot;outgoingURL&quot;:&quot;https:\/\/www.usmagazine.com\/celebrity-news\/news\/brad-pitt-knows-he-made-mistakes-after-settling-divorce-excl\/&quot;}\" href=\"https:\/\/www.usmagazine.com\/celebrity-news\/news\/brad-pitt-knows-he-made-mistakes-after-settling-divorce-excl\/\" rel=\"nofollow noopener\" target=\"_blank\">US Weekly<\/a> que leur divorce, prononc\u00e9 le 30 d\u00e9cembre 2024, \u00ab\u00a0a domin\u00e9 sa vie pendant de nombreuses ann\u00e9es \u00bb.<\/p>\n<p>\u00ab Il l&rsquo;aimait et il sait qu&rsquo;il a commis des erreurs. C\u2019\u00e9tait une situation conflictuelle et toxique\u00bb, a-t-elle ajout\u00e9. Brad Pitt et Angelina Jolie ont travers\u00e9 un divorce tr\u00e8s m\u00e9diatis\u00e9 : une bataille pour la garde des adolescents, une plainte de l&rsquo;actrice pour violences physiques et verbales \u00e0 son encontre\u2026 La situation a vite d\u00e9g\u00e9n\u00e9r\u00e9 et a \u00ab retourn\u00e9 ses enfants contre lui \u00bb, estime-t-il. D&rsquo;apr\u00e8s la source, Brad Pitt \u00ab ne bl\u00e2me pas \u00bb son ex-femme pour les tensions qui persistent avec eux.<\/p>\n<p>En 2024, <strong>Shiloh Jolie<\/strong>, 19 ans, d\u00e9posait une demande l\u00e9gale pour <a href=\"https:\/\/www.vanityfair.fr\/article\/shiloh-fille-brad-pitt-angelina-jolie-officialise-ses-demarches-de-changement-de-nom\" target=\"_blank\" rel=\"noopener\">supprimer le nom de famille de son p\u00e8re de son \u00e9tat civil<\/a>. <strong>Vivienne<\/strong> (16\u00a0ans) et <strong>Zahara<\/strong> (20 ans) ne portent visiblement que le nom de famille de leur m\u00e8re aussi.<\/p>\n<p>Le mois dernier, l&rsquo;acteur \u00e9voquait son parcours pour lutter contre l&rsquo;alcoolisme et la d\u00e9pression &#8211; cons\u00e9quences de sa s\u00e9paration avec Angelina Jolie. Ce qui l&rsquo;a aid\u00e9 \u00e0 s&rsquo;en sortir ? Un passage aux Alcooliques anonymes. \u00ab\u00a0J\u2019ai trouv\u00e9 des hommes incroyables, qui partageaient leurs exp\u00e9riences, leurs faiblesses, leurs faux pas, leurs d\u00e9sirs et leurs douleurs avec beaucoup d\u2019humour. C\u2019\u00e9tait une exp\u00e9rience vraiment sp\u00e9ciale\u00a0\u00bb, confiait-il au micro du podcast <a href=\"https:\/\/youtu.be\/us4ddWJeZIY\" target=\"_blank\" rel=\"noopener\">Armchair Expert<\/a>.<\/p>\n","protected":false},"excerpt":{"rendered":"\u00c0 61 ans, Brad Pitt semble reconstruire sa vie. Une nouvelle garde-robe, une idylle avec Ines de Ramon,&hellip;\n","protected":false},"author":2,"featured_media":226891,"comment_status":"","ping_status":"","sticky":false,"template":"","format":"standard","meta":{"footnotes":""},"categories":[1359],"tags":[2134,58,59,1011,27,973],"class_list":{"0":"post-226890","1":"post","2":"type-post","3":"status-publish","4":"format-standard","5":"has-post-thumbnail","7":"category-people","8":"tag-brad-pitt","9":"tag-divertissement","10":"tag-entertainment","11":"tag-fr","12":"tag-france","13":"tag-people"},"share_on_mastodon":{"url":"https:\/\/pubeurope.com\/@fr\/114797818889611252","error":""},"_links":{"self":[{"href":"https:\/\/www.europesays.com\/fr\/wp-json\/wp\/v2\/posts\/226890","targetHints":{"allow":["GET"]}}],"collection":[{"href":"https:\/\/www.europesays.com\/fr\/wp-json\/wp\/v2\/posts"}],"about":[{"href":"https:\/\/www.europesays.com\/fr\/wp-json\/wp\/v2\/types\/post"}],"author":[{"embeddable":true,"href":"https:\/\/www.europesays.com\/fr\/wp-json\/wp\/v2\/users\/2"}],"replies":[{"embeddable":true,"href":"https:\/\/www.europesays.com\/fr\/wp-json\/wp\/v2\/comments?post=226890"}],"version-history":[{"count":0,"href":"https:\/\/www.europesays.com\/fr\/wp-json\/wp\/v2\/posts\/226890\/revisions"}],"wp:featuredmedia":[{"embeddable":true,"href":"https:\/\/www.europesays.com\/fr\/wp-json\/wp\/v2\/media\/226891"}],"wp:attachment":[{"href":"https:\/\/www.europesays.com\/fr\/wp-json\/wp\/v2\/media?parent=226890"}],"wp:term":[{"taxonomy":"category","embeddable":true,"href":"https:\/\/www.europesays.com\/fr\/wp-json\/wp\/v2\/categories?post=226890"},{"taxonomy":"post_tag","embeddable":true,"href":"https:\/\/www.europesays.com\/fr\/wp-json\/wp\/v2\/tags?post=226890"}],"curies":[{"name":"wp","href":"https:\/\/api.w.org\/{rel}","templated":true}]}}