{"id":226896,"date":"2025-07-05T00:36:15","date_gmt":"2025-07-05T00:36:15","guid":{"rendered":"https:\/\/www.europesays.com\/fr\/226896\/"},"modified":"2025-07-05T00:36:15","modified_gmt":"2025-07-05T00:36:15","slug":"secret-story-2025-je-te-fais-confiance-les-yeux-fermes-anita-place-tous-ses-espoirs-en-noah-la-chute-est-violente","status":"publish","type":"post","link":"https:\/\/www.europesays.com\/fr\/226896\/","title":{"rendered":"Secret Story 2025 : \u201cJe te fais confiance les yeux ferm\u00e9s\u201d, Anita place tous ses espoirs en Noah, la chute est violente"},"content":{"rendered":"<p data-start=\"120\" data-end=\"596\">Dans la quotidienne de<br \/>\nSecret Story ce vendredi 4<br \/>\njuillet, <strong>l\u2019\u00e9motion<\/strong> \u00e9tait \u00e0 son comble.<br \/>\n<strong>Anita<\/strong>, tr\u00e8s proche de <a href=\"https:\/\/www.closermag.fr\/tv_tele_realite\/secret-story-2025-caliente-anita-pas-satisfaite-avec-noah-elle-tombe-sous-le-charme-dun-autre-3555863\" rel=\"nofollow noopener\" target=\"_blank\"><br \/>\nNoah<\/a> avec qui elle partage le secret d\u2019\u00eatre ex, a v\u00e9cu un<br \/>\n<strong>v\u00e9ritable ascenseur \u00e9motionnel.<\/strong> Tandis qu\u2019elle lui<br \/>\nr\u00e9affirmait sa <strong>confiance<\/strong> totale, persuad\u00e9e qu\u2019il<br \/>\nla <strong>prot\u00e9gerait<\/strong> co\u00fbte que co\u00fbte, elle ignorait<br \/>\nqu\u2019une <strong>mission<\/strong> confi\u00e9e par La Voix allait tout<br \/>\nfaire basculer. Ce lien quasi fusionnel entre les deux candidats<br \/>\nsemblait pourtant in\u00e9branlable.<\/p>\n<p data-start=\"598\" data-end=\"1043\">\u201c<strong>Je te fais<br \/>\nconfiance les yeux ferm\u00e9s. Je mets ma vie entre tes<br \/>\nmains<\/strong>.\u2019\u2019 avait lanc\u00e9 <a href=\"https:\/\/www.telestar.fr\/tele_realite\/secret_story\/secret-story-2025-des-habitants-menaces-dexclusion-severe-rappel-a-lordre-de-la-production-diffuse-en-direct-1729022\" rel=\"nofollow noopener\" target=\"_blank\"><br \/>\nAnita<\/a> avec tendresse, persuad\u00e9e que Noah ferait tout pour la<br \/>\n<strong>pr\u00e9server<\/strong> dans Secret Story. Lui-m\u00eame semblait<br \/>\n<strong>troubl\u00e9, silencieux, l\u2019air pensif<\/strong>. Et pour cause :<br \/>\nau confessionnal, il <strong>avouait d\u00e9j\u00e0 le poids immense de sa<br \/>\nmission secr\u00e8te.<\/strong><\/p>\n<p>Noah trahit Anita ? La<br \/>\ncandidate en pleurs dans Secret Story<\/p>\n<p data-start=\"1102\" data-end=\"1525\">Jeudi 3 juillet, lors du<br \/>\nPrime, le <strong>choc<\/strong> est violent pour Anita. Face \u00e0 un<br \/>\n<strong>dilemme<\/strong> cruel impos\u00e9 par <a href=\"https:\/\/www.closermag.fr\/tv_tele_realite\/dominique-duforest-bien-loti-le-salaire-de-la-voix-dans-secret-story-est-plus-que-coquet-3560868\" rel=\"nofollow noopener\" target=\"_blank\"><br \/>\nLa Voix de Secret Story<\/a>, Noah devait<br \/>\n\u201c<strong>sacrifier<\/strong>\u201d Anita. Il s\u2019agit d\u2019une<br \/>\n<strong>\u00e9limination fictive,<\/strong> mais dont elle<br \/>\n<strong>ignorait<\/strong> totalement les dessous. \u201c<strong>Oui,<br \/>\nLa Voix, je la sacrifie.<\/strong>\u201d a-t-il annonc\u00e9 d\u2019une voix<br \/>\nlourde, sous les yeux incr\u00e9dules des autres habitants. Le choc fut<br \/>\nimm\u00e9diat. Anita, an\u00e9antie, suppliait. \u201c<strong>Je t\u2019en supplie,<br \/>\nfais pas \u00e7a ! Je ne te pardonnerai jamais !<\/strong>\u201d<\/p>\n<p data-start=\"1527\" data-end=\"1930\">Le pacte de confiance entre<br \/>\nles deux candidats de Secret Story s\u2019est <strong>effondr\u00e9<\/strong><br \/>\nen une seconde. M\u00eame si Noah savait qu\u2019Anita allait en r\u00e9alit\u00e9<br \/>\nrejoindre <strong>une pi\u00e8ce secr\u00e8te,<\/strong> son silence a rendu<br \/>\nla sc\u00e8ne encore plus poignante. <strong>Le regard d\u2019Anita,<br \/>\nbris\u00e9,<\/strong> a marqu\u00e9 tous les t\u00e9l\u00e9spectateurs. Le<br \/>\n<strong>sacrifice de Noah<\/strong> est v\u00e9cu comme une v\u00e9ritable<br \/>\n<strong>trahison<\/strong>.<\/p>\n<p>\u201cDepuis le d\u00e9but, il me prot\u00e8ge\u201d : la grande d\u00e9sillusion<br \/>\nd\u2019Anita<\/p>\n<p data-start=\"2007\" data-end=\"2422\">Quelques heures plus t\u00f4t, au<br \/>\nconfessionnal de Secret Story, Anita se confiait encore avec<br \/>\n\u00e9motion sur Noah. \u201c<strong>Depuis le d\u00e9but, il me prot\u00e8ge, il<br \/>\nprend soin de moi\u2026<\/strong> J\u2019ai l\u2019impression que<br \/>\n<strong>Noah, c\u2019est un peu mon petit ange gardien dans cette<br \/>\nmaison.<\/strong>\u201d Aveugl\u00e9e par cette complicit\u00e9, elle ne se<br \/>\ndoutait pas une seule seconde du <strong>choc<\/strong> qui<br \/>\nl\u2019attendait. <strong>Larmes, col\u00e8re et incompr\u00e9hension<\/strong> ont<br \/>\nenvahi la maison des secrets \u00e0 l\u2019annonce de son \u00e9limination.<\/p>\n<p data-start=\"2424\" data-end=\"2762\">\u201c<strong>Pour 20 000 euros<br \/>\nfictifs, Noah ?! T\u2019as pas honte ?!<\/strong>\u201d s\u2019est exclam\u00e9e la<br \/>\ncandidate de Secret Story Romy, outr\u00e9e. Les r\u00e9actions n\u2019ont pas<br \/>\ntard\u00e9. Pour tous, Noah a franchi une limite, m\u00eame s\u2019il n\u2019a pas<br \/>\nr\u00e9v\u00e9l\u00e9 le fond de sa mission.<\/p>\n","protected":false},"excerpt":{"rendered":"Dans la quotidienne de Secret Story ce vendredi 4 juillet, l\u2019\u00e9motion \u00e9tait \u00e0 son comble. Anita, tr\u00e8s proche&hellip;\n","protected":false},"author":2,"featured_media":226897,"comment_status":"","ping_status":"","sticky":false,"template":"","format":"standard","meta":{"footnotes":""},"categories":[1356],"tags":[548,58,59,1011,27,29901,252,1364],"class_list":{"0":"post-226896","1":"post","2":"type-post","3":"status-publish","4":"format-standard","5":"has-post-thumbnail","7":"category-television","8":"tag-article-simple","9":"tag-divertissement","10":"tag-entertainment","11":"tag-fr","12":"tag-france","13":"tag-secret-story","14":"tag-television","15":"tag-tv"},"share_on_mastodon":{"url":"https:\/\/pubeurope.com\/@fr\/114797830844421476","error":""},"_links":{"self":[{"href":"https:\/\/www.europesays.com\/fr\/wp-json\/wp\/v2\/posts\/226896","targetHints":{"allow":["GET"]}}],"collection":[{"href":"https:\/\/www.europesays.com\/fr\/wp-json\/wp\/v2\/posts"}],"about":[{"href":"https:\/\/www.europesays.com\/fr\/wp-json\/wp\/v2\/types\/post"}],"author":[{"embeddable":true,"href":"https:\/\/www.europesays.com\/fr\/wp-json\/wp\/v2\/users\/2"}],"replies":[{"embeddable":true,"href":"https:\/\/www.europesays.com\/fr\/wp-json\/wp\/v2\/comments?post=226896"}],"version-history":[{"count":0,"href":"https:\/\/www.europesays.com\/fr\/wp-json\/wp\/v2\/posts\/226896\/revisions"}],"wp:featuredmedia":[{"embeddable":true,"href":"https:\/\/www.europesays.com\/fr\/wp-json\/wp\/v2\/media\/226897"}],"wp:attachment":[{"href":"https:\/\/www.europesays.com\/fr\/wp-json\/wp\/v2\/media?parent=226896"}],"wp:term":[{"taxonomy":"category","embeddable":true,"href":"https:\/\/www.europesays.com\/fr\/wp-json\/wp\/v2\/categories?post=226896"},{"taxonomy":"post_tag","embeddable":true,"href":"https:\/\/www.europesays.com\/fr\/wp-json\/wp\/v2\/tags?post=226896"}],"curies":[{"name":"wp","href":"https:\/\/api.w.org\/{rel}","templated":true}]}}