{"id":226913,"date":"2025-07-05T00:45:13","date_gmt":"2025-07-05T00:45:13","guid":{"rendered":"https:\/\/www.europesays.com\/fr\/226913\/"},"modified":"2025-07-05T00:45:13","modified_gmt":"2025-07-05T00:45:13","slug":"ikea-vient-en-aide-a-jean-pierre-un-sans-abri-qui-dormait-depuis-un-an-devant-un-magasin-de-venissieux","status":"publish","type":"post","link":"https:\/\/www.europesays.com\/fr\/226913\/","title":{"rendered":"Ikea vient en aide \u00e0 Jean-Pierre, un sans-abri qui dormait depuis un an devant un magasin de V\u00e9nissieux"},"content":{"rendered":"<p>        <img decoding=\"async\" loading=\"lazy\" src=\"https:\/\/www.europesays.com\/fr\/wp-content\/uploads\/2025\/07\/7ab90ec_upload-1-ah6cwakg00cq-screenshot-2025-07-04-22-59-59.png\"  width=\"728\" height=\"409\" alt=\"Ikea vient en aide \u00e0 Jean-Pierre, un sans-abri qui dormait depuis un an devant un magasin de V\u00e9nissieux.\"\/>  <\/p>\n<p>Capture d\u2019\u00e9cran Google Street View<\/p>\n<p>Ikea vient en aide \u00e0 Jean-Pierre, un sans-abri qui dormait depuis un an devant un magasin de V\u00e9nissieux.<\/p>\n<p class=\"asset asset-text\">RH\u00d4NE &#8211; Bient\u00f4t une fin heureuse pour Jean-Pierre\u00a0? Ce sexag\u00e9naire, <a href=\"https:\/\/www.huffingtonpost.fr\/culture\/article\/jack-veal-jeune-acteur-vu-dans-la-serie-loki-lance-un-appel-a-l-aide-apres-etre-devenu-sans-abri_243129.html\" target=\"_blank\" rel=\"noopener nofollow\" title=\"Nouvelle fen\u00eatre\">sans domicile fixe<\/a> depuis un an, s\u2019est install\u00e9 devant un magasin Ikea de <a href=\"https:\/\/www.huffingtonpost.fr\/faits-divers\/article\/lycee-marcel-sembat-de-venissieux-tirs-de-mortiers-incendie-ce-que-l-on-sait-des-incidents-survenus-jeudi_240461.html\" target=\"_blank\" rel=\"noopener nofollow\" title=\"Nouvelle fen\u00eatre\">V\u00e9nissieux<\/a>, dans le Rh\u00f4ne. Son histoire, m\u00e9diatis\u00e9e en juin par le quotidien r\u00e9gional <a href=\"https:\/\/www.leprogres.fr\/faits-divers-justice\/2025\/06\/20\/jean-pierre-sdf-devant-ikea-je-veux-juste-recuperer-ma-retraite-et-partir-en-grece\" target=\"_blank\" rel=\"noopener nofollow\" title=\"Nouvelle fen\u00eatre\">Le Progr\u00e8s<\/a>, avait suscit\u00e9 une vive \u00e9motion\u2026 au point que le g\u00e9ant su\u00e9dois de l\u2019ameublement veut lui venir en aide, ont rapport\u00e9 plusieurs m\u00e9dias locaux ce vendredi 4\u00a0juillet.<\/p>\n<p class=\"asset asset-text\">Arriv\u00e9 \u00e0 Lyon en f\u00e9vrier\u00a02023, Jean-Pierre a tout perdu apr\u00e8s que son camping-car, tomb\u00e9 en panne en mars\u00a02024, a \u00e9t\u00e9 enlev\u00e9 par la fourri\u00e8re. Il avait \u00e9t\u00e9 plac\u00e9 devant un concessionnaire dans l\u2019attente des r\u00e9parations. Faute de moyens, le sexag\u00e9naire n\u2019a pas pu payer l\u2019amende et son v\u00e9hicule a \u00e9t\u00e9 vendu. Il s\u2019est alors retrouv\u00e9 sans domicile fixe.<\/p>\n<p class=\"asset asset-text\">\u00ab\u00a0Je veux juste r\u00e9cup\u00e9rer ma retraite et partir en Gr\u00e8ce\u00a0\u00bb, avait-il confi\u00e9, affirmant qu\u2019il ne lui manquait plus que six trimestres, soit moins de deux ans, pour b\u00e9n\u00e9ficier de ses indemnit\u00e9s.<\/p>\n<p>    Un logement \u00e0 trouver de toute urgence    <\/p>\n<p class=\"asset asset-text\">Sa situation a \u00e9mu le service des ressources humaines d\u2019<a href=\"https:\/\/www.huffingtonpost.fr\/environnement\/article\/edf-ikea-pour-le-climat-une-centaine-d-entreprises-envoient-un-appel-rare-a-l-ue_250549.html\" target=\"_blank\" rel=\"noopener nofollow\" title=\"Nouvelle fen\u00eatre\">Ikea<\/a> qui lui a fait une proposition d\u2019embauche, ont rapport\u00e9 <a href=\"https:\/\/www.leprogres.fr\/social\/2025\/07\/03\/ikea-etudie-la-possibilite-d-un-emploi-pour-jean-pierre-ce-sans-abri-qui-vit-depuis-un-an-devant-le-magasin-de-venissieux?login=1\" target=\"_blank\" rel=\"noopener nofollow\" title=\"Nouvelle fen\u00eatre\">Le Progr\u00e8s<\/a> et <a href=\"https:\/\/france3-regions.franceinfo.fr\/auvergne-rhone-alpes\/rhone\/lyon\/trouvez-moi-un-appart-et-tout-ca-sera-fini-jean-pierre-sdf-installe-depuis-1-an-devant-ikea-l-enseigne-lui-propose-un-emploi-3182676.html\" target=\"_blank\" rel=\"noopener nofollow\" title=\"Nouvelle fen\u00eatre\">France 3<\/a>\u00a0dans des articles parus entre jeudi et vendredi. \u00ab\u00a0Je ne m\u2019attendais pas \u00e0 \u00e7a de la part d\u2019Ikea, a r\u00e9agi Jean-Pierre, mon histoire est mont\u00e9e jusqu\u2019\u00e0 la capitale, les articles ont fait un tr\u00e8s bon effet\u00a0\u00bb.<\/p>\n<p class=\"asset asset-text\">Un probl\u00e8me subsiste cependant\u00a0: outre les points du contrat qui doivent encore \u00eatre fix\u00e9s, Jean-Pierre doit avoir un logement pour y laisser sa chienne Oli pendant ses heures de travail. \u00ab\u00a0Les services sociaux me ferment les portes, je n\u2019arrive pas \u00e0 avoir d\u2019appartement, a-t-il d\u00e9plor\u00e9 aupr\u00e8s de France 3, j\u2019essaye de joindre tout le monde mais rien ne fonctionne.\u00a0\u00bb<\/p>\n<p class=\"asset asset-text\">Du c\u00f4t\u00e9 d\u2019Ikea, on assure que \u00ab\u00a0l\u2019\u00e9quipe du magasin accompagne\u00a0\u00bb Jean-Pierre \u00ab\u00a0pour trouver une solution ad\u00e9quate \u00e0 sa situation\u00a0\u00bb. \u00ab\u00a0Des contacts ont \u00e9t\u00e9 pris avec la ville et des associations r\u00e9f\u00e9rentes\u00a0\u00bb, a fait savoir le g\u00e9ant su\u00e9dois au Progr\u00e8s.<\/p>\n","protected":false},"excerpt":{"rendered":"Capture d\u2019\u00e9cran Google Street View Ikea vient en aide \u00e0 Jean-Pierre, un sans-abri qui dormait depuis un an&hellip;\n","protected":false},"author":2,"featured_media":226914,"comment_status":"","ping_status":"","sticky":false,"template":"","format":"standard","meta":{"footnotes":""},"categories":[4],"tags":[11,1011,27,714,12,25,2429,15317],"class_list":{"0":"post-226913","1":"post","2":"type-post","3":"status-publish","4":"format-standard","5":"has-post-thumbnail","7":"category-france","8":"tag-actualites","9":"tag-fr","10":"tag-france","11":"tag-ikea","12":"tag-news","13":"tag-republique-francaise","14":"tag-rhone","15":"tag-sans-abri"},"share_on_mastodon":{"url":"https:\/\/pubeurope.com\/@fr\/114797866252720010","error":""},"_links":{"self":[{"href":"https:\/\/www.europesays.com\/fr\/wp-json\/wp\/v2\/posts\/226913","targetHints":{"allow":["GET"]}}],"collection":[{"href":"https:\/\/www.europesays.com\/fr\/wp-json\/wp\/v2\/posts"}],"about":[{"href":"https:\/\/www.europesays.com\/fr\/wp-json\/wp\/v2\/types\/post"}],"author":[{"embeddable":true,"href":"https:\/\/www.europesays.com\/fr\/wp-json\/wp\/v2\/users\/2"}],"replies":[{"embeddable":true,"href":"https:\/\/www.europesays.com\/fr\/wp-json\/wp\/v2\/comments?post=226913"}],"version-history":[{"count":0,"href":"https:\/\/www.europesays.com\/fr\/wp-json\/wp\/v2\/posts\/226913\/revisions"}],"wp:featuredmedia":[{"embeddable":true,"href":"https:\/\/www.europesays.com\/fr\/wp-json\/wp\/v2\/media\/226914"}],"wp:attachment":[{"href":"https:\/\/www.europesays.com\/fr\/wp-json\/wp\/v2\/media?parent=226913"}],"wp:term":[{"taxonomy":"category","embeddable":true,"href":"https:\/\/www.europesays.com\/fr\/wp-json\/wp\/v2\/categories?post=226913"},{"taxonomy":"post_tag","embeddable":true,"href":"https:\/\/www.europesays.com\/fr\/wp-json\/wp\/v2\/tags?post=226913"}],"curies":[{"name":"wp","href":"https:\/\/api.w.org\/{rel}","templated":true}]}}