{"id":226916,"date":"2025-07-05T00:47:12","date_gmt":"2025-07-05T00:47:12","guid":{"rendered":"https:\/\/www.europesays.com\/fr\/226916\/"},"modified":"2025-07-05T00:47:12","modified_gmt":"2025-07-05T00:47:12","slug":"cest-la-suite-de-la-fete-de-la-musique-depuis-30-ans","status":"publish","type":"post","link":"https:\/\/www.europesays.com\/fr\/226916\/","title":{"rendered":"\u00ab\u00a0C\u2019est la suite de la F\u00eate de la musique depuis 30 ans\u00a0\u00bb"},"content":{"rendered":"<p class=\"insetTitle\">La F\u00eate de la musique et la Corrida profitent plut\u00f4t aux bars de la place du Breuil<\/p>\n<p>Les animations estivales ont d\u00e9marr\u00e9 d\u00e8s le 21\u00a0juin avec pour moteur <a href=\"https:\/\/www.leprogres.fr\/culture-loisirs\/2025\/06\/22\/des-groupes-locaux-a-gold-la-fete-de-la-musique-a-reuni-des-dizaines-de-milliers-de-personnes-dans-la-loire\" target=\"_blank\" rel=\"nofollow noopener\">la soir\u00e9e de la F\u00eate de la musique<\/a> sur la place du Breuil, puis le lendemain la troisi\u00e8me \u00e9dition de la Corrida.<\/p>\n<p>\u00ab\u00a0\u00c7a a \u00e9t\u00e9 de tr\u00e8s grosses manifestations, nous d\u00e9clare Denis Celle, avec un temps magnifique\u00a0et un instant magique avec la Corrida qui traversait la braderie, on a m\u00e9lang\u00e9 les genres. Gr\u00e2ce aux associations, on a cr\u00e9\u00e9 de belles choses culturelles. Si les organisateurs sont satisfaits, les propri\u00e9taires de bars et\u00a0restaurants le sont aussi.\u00a0\u00bb.<\/p>\n<p>\u00ab\u00a0La Corrida, depuis que je suis l\u00e0, reconna\u00eet Mike au Flaubert, c\u2019est la plus grosse recette \u00e0 la journ\u00e9e apr\u00e8s la soir\u00e9e des 25 ans, on a beaucoup moins b\u00e9n\u00e9fici\u00e9 de la F\u00eate de la musique\u00a0\u00bb.<\/p>\n<p>\u00ab\u00a0Les terrasses en f\u00eate attirent du monde mais ce n\u2019est plus la m\u00eame ambiance\u00a0\u00bb<\/p>\n<p>Les bistrotiers du bas de la place comme celui du Bar du March\u00e9, ne partagent pas le m\u00eame enthousiasme. \u00ab\u00a0Les terrasses en f\u00eate attirent du monde mais ce n\u2019est plus la m\u00eame ambiance.\u00a0Mais \u00e7a reste quelque chose de bien, c\u2019est festif, \u00e7a fait venir du monde mais l\u2019organisation peut \u00eatre am\u00e9lior\u00e9e\u00a0\u00bb.<\/p>\n<p>En ce qui concerne la F\u00eate de la musique ou la Corrida, s\u2019il participe, \u00ab\u00a0c\u2019est pour soutenir l\u2019association\u00a0\u00bb mais reconna\u00eet qu\u2019\u00ab\u00a0il n\u2019y a pas de retour\u00a0\u00bb.<\/p>\n<p>Place du Breuil, au bar des Platanes, la satisfaction est au rendez-vous. \u00ab\u00a0C\u2019\u00e9tait g\u00e9nial, c\u2019\u00e9tait un excellent week-end, avec le beau temps et la bonne humeur. C\u2019\u00e9tait super bien organis\u00e9. Pour les terrasses en f\u00eate, les bars de la place ne sont pas concern\u00e9s\u00a0: \u00ab C\u2019est normal, il faut faire travailler tout le monde\u00a0\u00bb.<\/p>\n<p>Le Rem\u2019s participe pour la dixi\u00e8me fois aux Terrasses en f\u00eate\u00a0: \u00ab\u00a0C\u2019est festif, les gens s\u2019amusent. Ce n\u2019est pas une soir\u00e9e anodine financi\u00e8rement pour nous. C\u2019est tr\u00e8s satisfaisant\u00a0\u00bb. Pour la F\u00eate de la musique et la Corrida, \u00ab\u00a0je suis plac\u00e9 derri\u00e8re, ajoute-t-il, je suis moins concern\u00e9\u00a0\u00bb.<\/p>\n","protected":false},"excerpt":{"rendered":"La F\u00eate de la musique et la Corrida profitent plut\u00f4t aux bars de la place du Breuil Les&hellip;\n","protected":false},"author":2,"featured_media":226917,"comment_status":"","ping_status":"","sticky":false,"template":"","format":"standard","meta":{"footnotes":""},"categories":[9653],"tags":[1111,11,2430,1687,7539,1777,674,10282,10283,1011,27,873,12,25,4001],"class_list":{"0":"post-226916","1":"post","2":"type-post","3":"status-publish","4":"format-standard","5":"has-post-thumbnail","7":"category-saint-etienne","8":"tag-actu","9":"tag-actualites","10":"tag-auvergne-rhone-alpes","11":"tag-culture-loisirs","12":"tag-edition-loire-sud","13":"tag-eu","14":"tag-europe","15":"tag-firminy","16":"tag-firminy-ville","17":"tag-fr","18":"tag-france","19":"tag-musique","20":"tag-news","21":"tag-republique-francaise","22":"tag-saint-etienne"},"share_on_mastodon":{"url":"https:\/\/pubeurope.com\/@fr\/114797874744492001","error":""},"_links":{"self":[{"href":"https:\/\/www.europesays.com\/fr\/wp-json\/wp\/v2\/posts\/226916","targetHints":{"allow":["GET"]}}],"collection":[{"href":"https:\/\/www.europesays.com\/fr\/wp-json\/wp\/v2\/posts"}],"about":[{"href":"https:\/\/www.europesays.com\/fr\/wp-json\/wp\/v2\/types\/post"}],"author":[{"embeddable":true,"href":"https:\/\/www.europesays.com\/fr\/wp-json\/wp\/v2\/users\/2"}],"replies":[{"embeddable":true,"href":"https:\/\/www.europesays.com\/fr\/wp-json\/wp\/v2\/comments?post=226916"}],"version-history":[{"count":0,"href":"https:\/\/www.europesays.com\/fr\/wp-json\/wp\/v2\/posts\/226916\/revisions"}],"wp:featuredmedia":[{"embeddable":true,"href":"https:\/\/www.europesays.com\/fr\/wp-json\/wp\/v2\/media\/226917"}],"wp:attachment":[{"href":"https:\/\/www.europesays.com\/fr\/wp-json\/wp\/v2\/media?parent=226916"}],"wp:term":[{"taxonomy":"category","embeddable":true,"href":"https:\/\/www.europesays.com\/fr\/wp-json\/wp\/v2\/categories?post=226916"},{"taxonomy":"post_tag","embeddable":true,"href":"https:\/\/www.europesays.com\/fr\/wp-json\/wp\/v2\/tags?post=226916"}],"curies":[{"name":"wp","href":"https:\/\/api.w.org\/{rel}","templated":true}]}}