{"id":226918,"date":"2025-07-05T00:48:33","date_gmt":"2025-07-05T00:48:33","guid":{"rendered":"https:\/\/www.europesays.com\/fr\/226918\/"},"modified":"2025-07-05T00:48:33","modified_gmt":"2025-07-05T00:48:33","slug":"que-faire-dans-la-loire-ce-week-end-5-et-6-juillet-2025","status":"publish","type":"post","link":"https:\/\/www.europesays.com\/fr\/226918\/","title":{"rendered":"Que faire dans la Loire ce week-end ? (5 et 6 juillet 2025)"},"content":{"rendered":"<p>Les<a href=\"https:\/\/mesinfos.fr\/auvergne-rhone-alpes\/premiers-departs-en-vacances-d-ete-a-quoi-s-attendre-sur-les-routes-en-auvergne-rhone-alpes-225769.html\" target=\"_blank\" rel=\"noopener\"> grandes vacances scolaires<\/a> d\u00e9butent et avec elles une l\u00e9g\u00e8re baisse des temp\u00e9ratures. Zoom sur notre <strong>s\u00e9lection de sorties<\/strong> pour ce week-end du <strong>5 au 6 juillet 2025 dans la Loire<\/strong>. <\/p>\n<p>D\u00e9ambuler avec la lune \u00e0 Villerest <img decoding=\"async\" alt=\"\" class=\"img-size-full\" data-zoomable=\"\" loading=\"lazy\" src=\"https:\/\/www.europesays.com\/fr\/wp-content\/uploads\/2025\/07\/balade-lune-loire.jpg\"\/> \u00a9 Illustration \/ Flickr &#8211; Une balade accompagn\u00e9e par la Lune, c&rsquo;est ce qui attend les randonneurs \u00e0 Villerest ce week-end. <\/p>\n<p>Organis\u00e9es le samedi 5 juillet par le comit\u00e9 des f\u00eates de <strong>Villerest<\/strong>, deux randonn\u00e9es de <strong>7 et 14 kilom\u00e8tres<\/strong> auront la sp\u00e9cificit\u00e9 de se d\u00e9rouler \u00e0 partir du <strong>coucher du soleil<\/strong>. D\u00e9part \u00e0 21 h pour la premi\u00e8re et 20h30 pour la seconde, le but est bien de profiter de la fra\u00eecheur de la nuit le tout dans une ambiance conviviale. Le port d\u2019un gilet r\u00e9fl\u00e9chissant est obligatoire et une assiette garnie attend les plus vaillants \u00e0 l\u2019arriv\u00e9e. <\/p>\n<p><strong>Infos pratiques<\/strong> <\/p>\n<p>Carr\u00e9 d\u2019Urf\u00e9 \u2013 6 rue des Fr\u00e9chat \u2013 Villerest.\u00a0Contact : 04 77 69 66 66.<\/p>\n<p>  Saint-Jean-Soleymieux se met \u00e0 la course d\u2019orientation <img decoding=\"async\" alt=\"\" class=\"img-size-full\" data-zoomable=\"\" loading=\"lazy\" src=\"https:\/\/www.europesays.com\/fr\/wp-content\/uploads\/2025\/07\/course-d-orientation-loire.jpg\"\/> \u00a9 Shutterstock &#8211; Un format loisir et comp\u00e9tition sera propos\u00e9. <\/p>\n<p>Pour loisir ou pour la comp\u00e9tition, une chose est s\u00fbre il y en aura pour tous les <strong>adeptes d\u2019orientation<\/strong> lors de ce week-end des 3 jours en Forez. Le samedi aura lieu le championnat de la ligue longue distance et une soir\u00e9e \u00e0 la th\u00e9matique scandinave avec la diffusion du film Across Norway\u00a0\u00e0 20h \u00e0 la salle des f\u00eates. Le format loisir et comp\u00e9tition est propos\u00e9 par l\u2019association <strong>Boussole en Forez<\/strong>, avec des parcours pouvant se faire seul ou en famille.<\/p>\n<p>  Saint-\u00c9tienne se la joue (com\u00e9die) romantique avec une s\u00e9ance de cin\u00e9ma en plein air <img decoding=\"async\" alt=\"\" class=\"img-align-center img-size-full\" data-zoomable=\"\" loading=\"lazy\" src=\"https:\/\/www.europesays.com\/fr\/wp-content\/uploads\/2025\/07\/cinema-plein-air-saint-etienne-juillet-2025.jpg\"\/> \u00a9 Shutterstock &#8211; Saint-\u00c9tienne lance sa saison de cin\u00e9ma en plein air. <\/p>\n<p>Qui dit \u00e9t\u00e9 dit forc\u00e9ment <strong>cin\u00e9ma en plein air<\/strong>. Saint-\u00c9tienne conserve cette tradition avec la diffusion ce vendredi d\u2019une com\u00e9die romantique de Woody Allen Minuit \u00e0 Paris, propos\u00e9e par le mus\u00e9e d&rsquo;Art et d&rsquo;Industrie, dans son jardin. Cerise sur le g\u00e2teau, avant la projection vous avez la possibilit\u00e9 de visiter gratuitement l&rsquo;exposition temporaire L&rsquo;ambition du beau. <\/p>\n<p><strong>Infos pratiques<\/strong> <\/p>\n<p>Vendredi 4 juillet 2025 de 21h45 \u00e0 23h15. Mus\u00e9e d\u2019Art et d\u2019Industrie &#8211; Saint-\u00c9tienne. <\/p>\n<p>Plein tarif : 6,65 euros, Tarif r\u00e9duit : 5,10 euros.<\/p>\n<p> Les sonorit\u00e9s espagnoles d\u00e9barquent \u00e0 Roanne <img decoding=\"async\" alt=\"\" class=\"img-size-full\" data-zoomable=\"\" height=\"534\" loading=\"lazy\" src=\"https:\/\/www.europesays.com\/fr\/wp-content\/uploads\/2025\/07\/csm-concert-edc-8628603fda.png\" width=\"1784\"\/> \u00a9 Les Enfants de la C\u00f4te &#8211; Le concert reprendra des classiques de la musique espagnole. <\/p>\n<p>Les <strong>60 musiciens de l\u2019orchestre Les Enfants de la C\u00f4te<\/strong> ont pr\u00e9vu pour ce samedi 5 juillet \u00e0 20h une escapade musicale en Espagne. Du Bol\u00e9ro de Ravel en passant par les c\u00e9l\u00e8bres suites symphoniques tir\u00e9es de Carmen de Bizet, Roanne aura une touche hispanique pour une soir\u00e9e avec l&rsquo;orchestre.<\/p>\n<p><strong>Infos pratiques<\/strong> <\/p>\n<p>Samedi 5 juillet \u00e0 20h. Mus\u00e9e Joseph D\u00e9chelette &#8211; 22 rue Anatole France \u2013 Roanne. Entr\u00e9e gratuite.<\/p>\n<p> Le festival des l\u00e9gendes pour animer Rochetaill\u00e9 <img decoding=\"async\" alt=\"\" class=\"img-align-center img-size-limited\" data-zoomable=\"\" height=\"1080\" loading=\"lazy\" src=\"https:\/\/www.europesays.com\/fr\/wp-content\/uploads\/2025\/07\/32125915.jpg\" width=\"1708\"\/> \u00a9 Saint-\u00c9tienne Tourisme &amp; Congr\u00e8s \/ Trenta &#8211; A la d\u00e9couverte du village de Rochetaill\u00e9 samedi 5 juillet. <\/p>\n<p>De Saint-\u00c9tienne \u00e0 Saint-Victor-sur-Loire, en passant par Rochetaill\u00e9e, le <strong>festival des l\u00e9gendes (du 2 au 7 juillet 2025)<\/strong> propose cette ann\u00e9e encore une programmation vari\u00e9e, capable de plaire \u00e0 diff\u00e9rentes g\u00e9n\u00e9rations. Du concert de The Mullins le soir \u00e0 la <strong>balade cont\u00e9e de Rochetaill\u00e9<\/strong> l\u2019apr\u00e8s-midi et la pr\u00e9sence de Patrick Caudal, conteur musicien, le week-end s&rsquo;annonce riche en animations sur les hauteurs de Saint-\u00c9tienne. <\/p>\n","protected":false},"excerpt":{"rendered":"Les grandes vacances scolaires d\u00e9butent et avec elles une l\u00e9g\u00e8re baisse des temp\u00e9ratures. Zoom sur notre s\u00e9lection de&hellip;\n","protected":false},"author":2,"featured_media":226919,"comment_status":"","ping_status":"","sticky":false,"template":"","format":"standard","meta":{"footnotes":""},"categories":[9653],"tags":[1111,11,2430,1777,674,1011,27,12,36516,25,4001],"class_list":{"0":"post-226918","1":"post","2":"type-post","3":"status-publish","4":"format-standard","5":"has-post-thumbnail","7":"category-saint-etienne","8":"tag-actu","9":"tag-actualites","10":"tag-auvergne-rhone-alpes","11":"tag-eu","12":"tag-europe","13":"tag-fr","14":"tag-france","15":"tag-news","16":"tag-que-faire-ce-week-end-dans-la-loire","17":"tag-republique-francaise","18":"tag-saint-etienne"},"share_on_mastodon":{"url":"https:\/\/pubeurope.com\/@fr\/114797878138991986","error":""},"_links":{"self":[{"href":"https:\/\/www.europesays.com\/fr\/wp-json\/wp\/v2\/posts\/226918","targetHints":{"allow":["GET"]}}],"collection":[{"href":"https:\/\/www.europesays.com\/fr\/wp-json\/wp\/v2\/posts"}],"about":[{"href":"https:\/\/www.europesays.com\/fr\/wp-json\/wp\/v2\/types\/post"}],"author":[{"embeddable":true,"href":"https:\/\/www.europesays.com\/fr\/wp-json\/wp\/v2\/users\/2"}],"replies":[{"embeddable":true,"href":"https:\/\/www.europesays.com\/fr\/wp-json\/wp\/v2\/comments?post=226918"}],"version-history":[{"count":0,"href":"https:\/\/www.europesays.com\/fr\/wp-json\/wp\/v2\/posts\/226918\/revisions"}],"wp:featuredmedia":[{"embeddable":true,"href":"https:\/\/www.europesays.com\/fr\/wp-json\/wp\/v2\/media\/226919"}],"wp:attachment":[{"href":"https:\/\/www.europesays.com\/fr\/wp-json\/wp\/v2\/media?parent=226918"}],"wp:term":[{"taxonomy":"category","embeddable":true,"href":"https:\/\/www.europesays.com\/fr\/wp-json\/wp\/v2\/categories?post=226918"},{"taxonomy":"post_tag","embeddable":true,"href":"https:\/\/www.europesays.com\/fr\/wp-json\/wp\/v2\/tags?post=226918"}],"curies":[{"name":"wp","href":"https:\/\/api.w.org\/{rel}","templated":true}]}}