{"id":226924,"date":"2025-07-05T00:51:11","date_gmt":"2025-07-05T00:51:11","guid":{"rendered":"https:\/\/www.europesays.com\/fr\/226924\/"},"modified":"2025-07-05T00:51:11","modified_gmt":"2025-07-05T00:51:11","slug":"ce-tournoi-de-rugby-emblematique-revient-au-mourillon-les-benefices-reverses-a-une-association","status":"publish","type":"post","link":"https:\/\/www.europesays.com\/fr\/226924\/","title":{"rendered":"Ce tournoi de rugby embl\u00e9matique revient au Mourillon, les b\u00e9n\u00e9fices revers\u00e9s \u00e0 une association"},"content":{"rendered":"<p>Cette ann\u00e9e encore, le P\u2019ti Ru replante son drapeau dans le sable du Mourillon. Organis\u00e9 \u00e0 Toulon depuis 1993, l\u2019embl\u00e9matique tournoi de rugby \u00e0 toucher accueillera ce samedi 5 juillet, de 9h30 \u00e0 21h30, une vingtaine d\u2019\u00e9quipes et plus de 200 joueuses et joueurs de tous \u00e2ges et niveaux.<\/p>\n<p>\u00ab\u00a0M\u00eame si la partie sportive n\u2019est pas occult\u00e9e, on souhaite f\u00e9d\u00e9rer la communaut\u00e9 rugby pour passer avant tout un bon moment ensemble\u00a0\u00bb, pr\u00e9sente Damien Delmonte, l\u2019un des organisateurs.<\/p>\n<p>L\u2019\u00e9v\u00e9nement rev\u00eat toujours une dimension solidaire, puisque les b\u00e9n\u00e9fices restent revers\u00e9s \u00e0 une structure accompagnant \u00ab\u00a0les personnes qui en ont besoin\u00a0\u00bb.<\/p>\n<p>Pour cette 27e \u00e9dition, c\u2019est l\u2019association Comme un Ruck qui a \u00e9t\u00e9 choisie comme b\u00e9n\u00e9ficiaire.<\/p>\n<p>Pr\u00e9sid\u00e9e par Fran\u00e7ois Trinh-Duc, ex-joueur du RCT et du XV de France, elle \u0153uvre pour l\u2019\u00e9mancipation et l\u2019\u00e9ducation des enfants au Vietnam.<\/p>\n<p>\u00ab\u00a0Fran\u00e7ois Trinh-Duc descendra d\u2019ailleurs avec une \u00e9quipe de chez lui, du Pic Saint-Loup (nord de l\u2019H\u00e9rault), indique Damien. C\u2019est la premi\u00e8re fois qu\u2019on fait venir une \u00e9quipe d\u2019aussi loin pour un week-end!\u00a0\u00bb<\/p>\n<p>De nombreux anciens du RCT<\/p>\n<p>Outre l\u2019ancien demi d\u2019ouverture, d\u2019autres rugbymen, anciens ou actuels, sont attendus sur le terrain de beach jouxtant le centre de loisirs du Mourillon avec, entre autres, Micka\u00ebl Ivaldi, Camille Traversa, Michel Peri\u00e9, Aubin Hueber, Thierry Louvet, mais encore Pierre Mignoni, l\u2019entra\u00eeneur du RCT, qui \u00e9tait \u00e0 la base de la cr\u00e9ation du tournoi en 1993.<\/p>\n<p>Du c\u00f4t\u00e9 des stands aussi, on pourra retrouver un visage ayant d\u00e9fendu le maillot rouge et noir, puisque S\u00e9bastien Bruno tiendra le point restauration.<\/p>\n<p>Une d\u00e9monstration de rugby fauteuil et des initiations au krav-maga sont \u00e9galement pr\u00e9vues.<\/p>\n<p>Les organisateurs attendent un flux constant de 500 personnes lors de ce tournoi festif, sportif et solidaire.<\/p>\n","protected":false},"excerpt":{"rendered":"Cette ann\u00e9e encore, le P\u2019ti Ru replante son drapeau dans le sable du Mourillon. Organis\u00e9 \u00e0 Toulon depuis&hellip;\n","protected":false},"author":2,"featured_media":226925,"comment_status":"","ping_status":"","sticky":false,"template":"","format":"standard","meta":{"footnotes":""},"categories":[9619],"tags":[1111,11,1777,674,1011,27,1393,12,882,25,479,60,2310,3366],"class_list":{"0":"post-226924","1":"post","2":"type-post","3":"status-publish","4":"format-standard","5":"has-post-thumbnail","7":"category-toulon","8":"tag-actu","9":"tag-actualites","10":"tag-eu","11":"tag-europe","12":"tag-fr","13":"tag-france","14":"tag-loisirs","15":"tag-news","16":"tag-provence-alpes-cote-dazur","17":"tag-republique-francaise","18":"tag-rugby","19":"tag-sports","20":"tag-toulon","21":"tag-vie-locale"},"share_on_mastodon":{"url":"https:\/\/pubeurope.com\/@fr\/114797889690024165","error":""},"_links":{"self":[{"href":"https:\/\/www.europesays.com\/fr\/wp-json\/wp\/v2\/posts\/226924","targetHints":{"allow":["GET"]}}],"collection":[{"href":"https:\/\/www.europesays.com\/fr\/wp-json\/wp\/v2\/posts"}],"about":[{"href":"https:\/\/www.europesays.com\/fr\/wp-json\/wp\/v2\/types\/post"}],"author":[{"embeddable":true,"href":"https:\/\/www.europesays.com\/fr\/wp-json\/wp\/v2\/users\/2"}],"replies":[{"embeddable":true,"href":"https:\/\/www.europesays.com\/fr\/wp-json\/wp\/v2\/comments?post=226924"}],"version-history":[{"count":0,"href":"https:\/\/www.europesays.com\/fr\/wp-json\/wp\/v2\/posts\/226924\/revisions"}],"wp:featuredmedia":[{"embeddable":true,"href":"https:\/\/www.europesays.com\/fr\/wp-json\/wp\/v2\/media\/226925"}],"wp:attachment":[{"href":"https:\/\/www.europesays.com\/fr\/wp-json\/wp\/v2\/media?parent=226924"}],"wp:term":[{"taxonomy":"category","embeddable":true,"href":"https:\/\/www.europesays.com\/fr\/wp-json\/wp\/v2\/categories?post=226924"},{"taxonomy":"post_tag","embeddable":true,"href":"https:\/\/www.europesays.com\/fr\/wp-json\/wp\/v2\/tags?post=226924"}],"curies":[{"name":"wp","href":"https:\/\/api.w.org\/{rel}","templated":true}]}}