{"id":226936,"date":"2025-07-05T01:00:16","date_gmt":"2025-07-05T01:00:16","guid":{"rendered":"https:\/\/www.europesays.com\/fr\/226936\/"},"modified":"2025-07-05T01:00:16","modified_gmt":"2025-07-05T01:00:16","slug":"bac-2025-decouvrez-les-resultats-via-notre-moteur-de-recherche","status":"publish","type":"post","link":"https:\/\/www.europesays.com\/fr\/226936\/","title":{"rendered":"Bac 2025\u00a0: d\u00e9couvrez les r\u00e9sultats via notre moteur de recherche"},"content":{"rendered":"<p>Le moment tr\u00e8s attendu est arriv\u00e9. Les candidats qui ont pass\u00e9 les \u00e9preuves du bac 2025 peuvent d\u00e9couvrir leurs r\u00e9sultats\u00a0: ceux-ci ont \u00e9t\u00e9 publi\u00e9s ce vendredi 4\u00a0juillet 2025.\u00a0Pour cette \u00e9dition, 720\u00a0806\u00a0candidats \u00e9taient inscrits, dont plus de la moiti\u00e9 pour le bac g\u00e9n\u00e9ral (386\u00a0135\u00a0\u00e9l\u00e8ves), 145\u00a0930\u00a0pour le bac technologique et 188\u00a0741\u00a0pour le bac professionnel.<\/p>\n<p><a href=\"https:\/\/www.ouest-france.fr\/bac\/\" target=\"_self\" rel=\"nofollow noopener\"> <strong>Retrouvez ici les r\u00e9sultats du bac 2025 gr\u00e2ce \u00e0 notre moteur de recherche<\/strong> <\/a><\/p>\n<p>Rennes, Caen, Marseille, Paris, Bordeaux\u2026 D\u00e9couvrez les r\u00e9sultats dans notre moteur de recherche les acad\u00e9mies ayant transmis les r\u00e9sultats\u00a0:<\/p>\n<\/p>\n<p>Pour d\u00e9crocher son bac, la note doit \u00eatre d\u2019au moins 10\u00a0sur 20\u00a0mais les \u00e9l\u00e8ves qui obtiendront un r\u00e9sultat entre 8 et 10\u00a0seront admis aux \u00e9preuves de rattrapages. Les mentions sont aussi un objectif des candidats\u00a0: entre 12 et 14\u00a0pour la mention assez bien, 14 et 16\u00a0pour la mention bien, 16\u00a0pour la mention tr\u00e8s bien et peut-\u00eatre m\u00eame les f\u00e9licitations au-dessus de 18.<\/p>\n<p>85,75\u00a0% de taux de r\u00e9ussite<\/p>\n<p>La ministre de l\u2019\u00c9ducation \u00c9lisabeth Borne a annonc\u00e9 un taux de r\u00e9ussite de 85,75\u00a0% avant les rattrapages en l\u00e9g\u00e8re hausse par rapport \u00e0 l\u2019an dernier (85,5\u00a0%).<\/p>\n<p>Le taux de r\u00e9ussite au baccalaur\u00e9at d\u00e9passe depuis 2012 les 80\u00a0%. <a href=\"https:\/\/rennes.maville.com\/actu\/actudet_-bac-2024-nantes-rennes-caen-rouen-brest-angers...-retrouvez-tous-les-resultats-par-academie-_54135-6372627_actu.Htm\" target=\"_self\" rel=\"nofollow noopener\">En 2024<\/a>, il avait atteint 91,2\u00a0% apr\u00e8s les rattrapages, en hausse sur un an dans les trois voies (g\u00e9n\u00e9rale, technologique et professionnelle). En voie g\u00e9n\u00e9rale, il \u00e9tait de 95,9\u00a0%.<\/p>\n<p><strong>Lire aussi\u00a0: <\/strong> <a href=\"https:\/\/rennes.maville.com\/actu\/actudet_-bac-les-correcteurs-utiliseront-ils-l-ia-un-jour-elle-peut-etre-un-outil-de-controle-qualite-_54135-6885053_actu.Htm\" target=\"_self\" rel=\"nofollow noopener\">Bac\u00a0: les correcteurs utiliseront-ils l\u2019IA un jour\u00a0? \u00ab\u00a0Elle peut \u00eatre un outil de contr\u00f4le qualit\u00e9\u00a0\u00bb<\/a><\/p>\n<p>Le bac reste n\u00e9cessaire pour entamer des \u00e9tudes sup\u00e9rieures. Mais nombre de candidats connaissent d\u00e9j\u00e0 leur orientation pour l\u2019an prochain, car Parcoursup a commenc\u00e9 \u00e0 donner ses r\u00e9ponses aux futurs \u00e9tudiants depuis le 2\u00a0juin, un moment devenu souvent plus important que le bac. La phase d\u2019admission principale de la plateforme se terminera le 10\u00a0juillet.<\/p>\n<p>\u00a0<\/p>\n","protected":false},"excerpt":{"rendered":"Le moment tr\u00e8s attendu est arriv\u00e9. Les candidats qui ont pass\u00e9 les \u00e9preuves du bac 2025 peuvent d\u00e9couvrir&hellip;\n","protected":false},"author":2,"featured_media":226333,"comment_status":"","ping_status":"","sticky":false,"template":"","format":"standard","meta":{"footnotes":""},"categories":[2821],"tags":[17,1111,11,3050,829,5492,3474,1777,674,1011,27,5207,12,959,584,25,1980],"class_list":{"0":"post-226936","1":"post","2":"type-post","3":"status-publish","4":"format-standard","5":"has-post-thumbnail","7":"category-rennes","8":"tag-17","9":"tag-actu","10":"tag-actualites","11":"tag-bac","12":"tag-bretagne","13":"tag-caen","14":"tag-decouvrez","15":"tag-eu","16":"tag-europe","17":"tag-fr","18":"tag-france","19":"tag-moteur","20":"tag-news","21":"tag-recherche","22":"tag-rennes","23":"tag-republique-francaise","24":"tag-resultats"},"share_on_mastodon":{"url":"https:\/\/pubeurope.com\/@fr\/114797925067863304","error":""},"_links":{"self":[{"href":"https:\/\/www.europesays.com\/fr\/wp-json\/wp\/v2\/posts\/226936","targetHints":{"allow":["GET"]}}],"collection":[{"href":"https:\/\/www.europesays.com\/fr\/wp-json\/wp\/v2\/posts"}],"about":[{"href":"https:\/\/www.europesays.com\/fr\/wp-json\/wp\/v2\/types\/post"}],"author":[{"embeddable":true,"href":"https:\/\/www.europesays.com\/fr\/wp-json\/wp\/v2\/users\/2"}],"replies":[{"embeddable":true,"href":"https:\/\/www.europesays.com\/fr\/wp-json\/wp\/v2\/comments?post=226936"}],"version-history":[{"count":0,"href":"https:\/\/www.europesays.com\/fr\/wp-json\/wp\/v2\/posts\/226936\/revisions"}],"wp:featuredmedia":[{"embeddable":true,"href":"https:\/\/www.europesays.com\/fr\/wp-json\/wp\/v2\/media\/226333"}],"wp:attachment":[{"href":"https:\/\/www.europesays.com\/fr\/wp-json\/wp\/v2\/media?parent=226936"}],"wp:term":[{"taxonomy":"category","embeddable":true,"href":"https:\/\/www.europesays.com\/fr\/wp-json\/wp\/v2\/categories?post=226936"},{"taxonomy":"post_tag","embeddable":true,"href":"https:\/\/www.europesays.com\/fr\/wp-json\/wp\/v2\/tags?post=226936"}],"curies":[{"name":"wp","href":"https:\/\/api.w.org\/{rel}","templated":true}]}}