{"id":226938,"date":"2025-07-05T01:02:28","date_gmt":"2025-07-05T01:02:28","guid":{"rendered":"https:\/\/www.europesays.com\/fr\/226938\/"},"modified":"2025-07-05T01:02:28","modified_gmt":"2025-07-05T01:02:28","slug":"une-fete-organisee-samedi-pour-marquer-larrivee-prochaine-du-tram-a-louest","status":"publish","type":"post","link":"https:\/\/www.europesays.com\/fr\/226938\/","title":{"rendered":"une f\u00eate organis\u00e9e samedi pour marquer l\u2019arriv\u00e9e prochaine du tram \u00e0 l\u2019ouest"},"content":{"rendered":"<p>            Par<br \/>\n        <strong><br \/>\n            <a href=\"https:\/\/actu.fr\/auteur\/ivan-capecchi\" title=\"Consulter tous les articles de Ivan CAPECCHI\" target=\"_blank\" rel=\"noopener\">Ivan CAPECCHI<\/a><br \/>\n        <\/strong><\/p>\n<p>        Publi\u00e9 le<\/p>\n<p>            4 juil. 2025 \u00e0 7h02        <\/p>\n<p>Alors que les travaux de l\u2019<a href=\"https:\/\/actu.fr\/grand-est\/strasbourg_67482\/strasbourg-extension-du-tram-vers-l-ouest-les-noms-des-stations-devoiles_62183447.html\" target=\"_blank\" rel=\"noopener\">extension du tramway vers l\u2019ouest<\/a> de Strasbourg touchent \u00e0 leur fin, la Ville et l\u2019Eurom\u00e9tropole organisent une \u00ab\u00a0f\u00eate du tram\u00a0\u00bb ce samedi 5 juillet, de 11h \u00e0 14h, place Virgile \u00e0 <a href=\"https:\/\/actu.fr\/grand-est\/strasbourg_67482\/ce-quartier-de-strasbourg-est-en-pleine-ebullition-des-millions-d-euros-investis-de-nombreux-projets-lances_61132615.html\" target=\"_blank\" rel=\"noopener\">Koenigshoffen<\/a>.<\/p>\n<p>Musique et informations<\/p>\n<p class=\" wall-content\">L\u2019\u00e9v\u00e9nement se veut <strong>convivial<\/strong> et <strong>informatif<\/strong>.<\/p>\n<p class=\" wall-content\">Des <strong>stands<\/strong> permettront aux habitants de <strong>s\u2019informer sur le futur trac\u00e9 du tram<\/strong>, les <strong>modalit\u00e9s de mise en service<\/strong>, ainsi que sur les <strong>animations estivales<\/strong> pr\u00e9vues dans le quartier.<\/p>\n<p class=\" wall-content\">Le tout dans une <strong>ambiance musicale<\/strong>, avec la pr\u00e9sence du <strong>groupe To\u00ef To\u00ef To\u00ef<\/strong>.<\/p>\n<p>Vid\u00e9os : en ce moment sur ActuJeanne Barseghian, maire de Strasbourg, pr\u00e9sente<\/p>\n<p class=\" wall-content\"><a href=\"https:\/\/actu.fr\/tag\/jeanne-barseghian\" target=\"_blank\" rel=\"noopener\">Jeanne Barseghian<\/a>, maire de Strasbourg, et Pia Imbs, pr\u00e9sidente de l\u2019Eurom\u00e9tropole, seront pr\u00e9sentes pour \u00e9changer avec les riverains.<\/p>\n<p class=\" wall-content\">La mise en service du nouveau tron\u00e7on est pr\u00e9vue<strong> d\u2019ici la fin de l\u2019ann\u00e9e 2025<\/strong>.<\/p>\n<p>F\u00eate du tram le 5 juillet 2025 de 11h00 \u00e0 14h00. Rendez-vous place Virgile, devant le Centre Socio Culturel Camille Claus \u00e0 Koenigshoffen.<\/p>\n<p class=\" wall-content\">Suivez toute l\u2019actualit\u00e9 de vos villes et m\u00e9dias favoris en vous inscrivant \u00e0 <a href=\"https:\/\/moncompte.actu.fr\" title=\"D\u00e9couvez Mon Actu\" rel=\"nofollow noopener\" data-trk=\"{&quot;cta&quot;:{&quot;action&quot;:&quot;https:\\\/\\\/moncompte.actu.fr&quot;,&quot;category&quot;:&quot;mon compte&quot;,&quot;from&quot;:&quot;article footer&quot;,&quot;name&quot;:&quot;Mon actu&quot;,&quot;type&quot;:&quot;cta&quot;}}\" target=\"_blank\">Mon Actu<\/a>.<\/p>\n","protected":false},"excerpt":{"rendered":"Par Ivan CAPECCHI Publi\u00e9 le 4 juil. 2025 \u00e0 7h02 Alors que les travaux de l\u2019extension du tramway&hellip;\n","protected":false},"author":2,"featured_media":226939,"comment_status":"","ping_status":"","sticky":false,"template":"","format":"standard","meta":{"footnotes":""},"categories":[2820],"tags":[1111,11,1063,1777,674,1011,27,775,7125,1652,12,25,640,16227],"class_list":{"0":"post-226938","1":"post","2":"type-post","3":"status-publish","4":"format-standard","5":"has-post-thumbnail","7":"category-strasbourg","8":"tag-actu","9":"tag-actualites","10":"tag-animations","11":"tag-eu","12":"tag-europe","13":"tag-fr","14":"tag-france","15":"tag-grand-est","16":"tag-jeanne-barseghian","17":"tag-loisirs-culture","18":"tag-news","19":"tag-republique-francaise","20":"tag-strasbourg","21":"tag-tram-ouest-strasbourg"},"share_on_mastodon":{"url":"https:\/\/pubeurope.com\/@fr\/114797933067642530","error":""},"_links":{"self":[{"href":"https:\/\/www.europesays.com\/fr\/wp-json\/wp\/v2\/posts\/226938","targetHints":{"allow":["GET"]}}],"collection":[{"href":"https:\/\/www.europesays.com\/fr\/wp-json\/wp\/v2\/posts"}],"about":[{"href":"https:\/\/www.europesays.com\/fr\/wp-json\/wp\/v2\/types\/post"}],"author":[{"embeddable":true,"href":"https:\/\/www.europesays.com\/fr\/wp-json\/wp\/v2\/users\/2"}],"replies":[{"embeddable":true,"href":"https:\/\/www.europesays.com\/fr\/wp-json\/wp\/v2\/comments?post=226938"}],"version-history":[{"count":0,"href":"https:\/\/www.europesays.com\/fr\/wp-json\/wp\/v2\/posts\/226938\/revisions"}],"wp:featuredmedia":[{"embeddable":true,"href":"https:\/\/www.europesays.com\/fr\/wp-json\/wp\/v2\/media\/226939"}],"wp:attachment":[{"href":"https:\/\/www.europesays.com\/fr\/wp-json\/wp\/v2\/media?parent=226938"}],"wp:term":[{"taxonomy":"category","embeddable":true,"href":"https:\/\/www.europesays.com\/fr\/wp-json\/wp\/v2\/categories?post=226938"},{"taxonomy":"post_tag","embeddable":true,"href":"https:\/\/www.europesays.com\/fr\/wp-json\/wp\/v2\/tags?post=226938"}],"curies":[{"name":"wp","href":"https:\/\/api.w.org\/{rel}","templated":true}]}}