{"id":22695,"date":"2025-04-13T17:24:07","date_gmt":"2025-04-13T17:24:07","guid":{"rendered":"https:\/\/www.europesays.com\/fr\/22695\/"},"modified":"2025-04-13T17:24:07","modified_gmt":"2025-04-13T17:24:07","slug":"marathon-de-paris-violent-incendie-noyade-dun-enfant-les-infos-du-week-end-en-ile-de-france","status":"publish","type":"post","link":"https:\/\/www.europesays.com\/fr\/22695\/","title":{"rendered":"Marathon de Paris, violent incendie, noyade d&rsquo;un enfant&#8230; Les infos du week-end en \u00cele-de-France"},"content":{"rendered":"<p>            Par<br \/>\n        <strong><br \/>\n            <a href=\"https:\/\/actu.fr\/auteur\/antoine-grotteria02\" title=\"Consulter tous les articles de Antoine Grotteria\" rel=\"nofollow noopener\" target=\"_blank\">Antoine Grotteria<\/a><br \/>\n        <\/strong><\/p>\n<p>        Publi\u00e9 le<\/p>\n<p>            13 avr. 2025 \u00e0 18h52        <\/p>\n<p>Un \u00e9v\u00e9nement toujours \u00e0 part. Comme depuis pr\u00e8s de cinquante ans, le marathon de <a href=\"https:\/\/actu.fr\/paris\/\" rel=\"nofollow noopener\" target=\"_blank\">Paris<\/a> a r\u00e9uni des <strong>dizaines de milliers de personnes<\/strong> ce dimanche 13 avril 2025. Parmi eux, des coureurs sans dossard. C\u2019est le Kenyan Benard Biwott qui a <a href=\"https:\/\/actu.fr\/ile-de-france\/paris_75056\/marathon-de-paris-benard-biwott-remporte-l-epreuve-pour-la-deuxieme-fois-et-ameliore-son-record_62504448.html\" rel=\"nofollow noopener\" target=\"_blank\">franchi<\/a> la ligne d\u2019arriv\u00e9e en premier. Il s\u2019agit de l\u2019une des informations de ce week-end du samedi 12 et dimanche 13 avril 2025. Actu Paris dresse le r\u00e9capitulatif des autres actualit\u00e9s qu\u2019il ne fallait pas manquer.\u00a0<\/p>\n<p class=\" wall-content\"><strong>Les infos marquantes du week-end \u00e0 Paris et en \u00cele-de-France<\/strong><\/p>\n<p class=\" wall-content\"><strong>Paris. <\/strong><a title=\"Lire l&#039;article\" href=\"https:\/\/actu.fr\/ile-de-france\/paris_75056\/ils-sont-de-plus-en-plus-nombreux-a-paris-qui-sont-ces-mordus-de-courses-qui-ne-paient-pas-leur-dossard_62489688.html\" rel=\"nofollow noopener\" target=\"_blank\"><strong>\u00ab\u00a0Ils sont de plus en plus nombreux\u00a0\u00bb : \u00e0 Paris, qui sont ces mordus de courses qui ne paient pas leur dossard ?<\/strong><\/a><br \/>Ce dimanche 13 avril 2025, 55 000 personnes participeront au marathon de Paris. Certains coureurs \u00ab\u00a0pirates\u00a0\u00bb sans dossard devraient s\u2019y glisser. Explications.<\/p>\n<p class=\" wall-content\"><strong>Seine-Saint-Denis. <\/strong><a title=\"Lire l&#039;article\" href=\"https:\/\/actu.fr\/ile-de-france\/saint-denis_93066\/a-saint-denis-un-batiment-municipal-touche-par-un-violent-incendie-la-mairie-parle-d-un-acte-criminel_62503340.html\" rel=\"nofollow noopener\" target=\"_blank\"><strong>\u00c0 Saint-Denis, un b\u00e2timent municipal touch\u00e9 par un violent incendie, la mairie parle d\u2019un \u00ab\u00a0acte criminel\u00a0\u00bb<\/strong><\/a><br \/>Dans la nuit du vendredi 11 au samedi 12 avril 2025, un incendie a touch\u00e9 un b\u00e2timent municipal de Saint-Denis. La ville parle \u00ab\u00a0d\u2019acte criminel\u00a0\u00bb et cible les narcotrafiquants.<\/p>\n<p class=\" wall-content\"><strong>Val-de-Marne. <\/strong><a title=\"Lire l&#039;article\" href=\"https:\/\/actu.fr\/ile-de-france\/joinville-le-pont_94042\/cette-brasserie-de-joinville-le-pont-en-a-fini-avec-les-tracas-judiciaires-le-conseil-d-etat-a-tranche_62503579.html\" rel=\"nofollow noopener\" target=\"_blank\"><strong>Cette brasserie de Joinville-le-Pont en a fini avec les tracas judiciaires, le Conseil d\u2019Etat a tranch\u00e9<\/strong><\/a><br \/>Un habitant de Joinville-le-Pont (Val-de-Marne) est all\u00e9 jusqu\u2019au Conseil d\u2019Etat pour s\u2019opposer \u00e0 l\u2019installation de la brasserie Graziella.<\/p>\n<p class=\" wall-content\"><strong>Hauts-de-Seine. <\/strong><a title=\"Lire l&#039;article\" href=\"https:\/\/actu.fr\/ile-de-france\/colombes_92025\/hauts-de-seine-un-enfant-de-5-ans-grievement-blesse-a-une-jambe-apres-avoir-ete-percute-par-une-moto_62504634.html\" rel=\"nofollow noopener\" target=\"_blank\"><strong>Hauts-de-Seine : un enfant de 5 ans gri\u00e8vement bless\u00e9 \u00e0 une jambe apr\u00e8s avoir \u00e9t\u00e9 percut\u00e9 par une moto<\/strong><\/a><br \/>Un enfant de 5 ans a \u00e9t\u00e9 gri\u00e8vement bless\u00e9, vendredi 11 avril 2025, dans un accident de la route survenu \u00e0 Colombes. Ses jours ne sont plus en danger.<\/p>\n<p>Vid\u00e9os : en ce moment sur Actu<\/p>\n<p class=\" wall-content\"><strong>Essonne. <\/strong><a title=\"Lire l&#039;article\" href=\"https:\/\/actu.fr\/ile-de-france\/le-plessis-pate_91494\/pres-de-30m-d-envergure-cet-evenement-inedit-dedie-aux-cerfs-volants-arrive-tres-bientot-en-essonne_62495007.html\" rel=\"nofollow noopener\" target=\"_blank\"><strong>\u00ab\u00a0Pr\u00e8s de 30m d\u2019envergure\u00a0\u00bb : cet \u00e9v\u00e9nement in\u00e9dit d\u00e9di\u00e9 aux cerfs-volants arrive tr\u00e8s bient\u00f4t en Essonne<\/strong><\/a><br \/>La premi\u00e8re \u00e9dition de ce \u00e9v\u00e9nement, qui combine des d\u00e9monstrations et plusieurs activit\u00e9s, se tiendra pendant tout un week-end en mai sur la Base 217.<\/p>\n<p class=\" wall-content\"><strong>Val-d\u2019Oise. <\/strong><a title=\"Lire l&#039;article\" href=\"https:\/\/actu.fr\/ile-de-france\/andresy_78015\/andresy-ces-deux-policiers-municipaux-mont-sauve-la-vie_62494485.html\" rel=\"nofollow noopener\" target=\"_blank\"><strong>Andr\u00e9sy : \u00ab Ces deux policiers municipaux m\u2019ont sauv\u00e9 la vie ! \u00bb<\/strong><\/a><br \/>Michel Lebreton est un miracul\u00e9. Victime d\u2019une crise cardiaque en pleine rue, cet Yvelinois a \u00e9t\u00e9 r\u00e9anim\u00e9 par deux policiers municipaux en patrouille, \u00e9quip\u00e9s d\u2019un d\u00e9fibrillateur.<\/p>\n<p class=\" wall-content\"><strong>Yvelines. <\/strong><a title=\"Lire l&#039;article\" href=\"https:\/\/actu.fr\/ile-de-france\/mantes-la-jolie_78361\/noyade-dun-enfant-de-4-ans-a-mantes-la-jolie-un-accident-plus-que-malheureux_62503392.html\" rel=\"nofollow noopener\" target=\"_blank\"><strong>Noyade d\u2019un enfant de 4 ans \u00e0 Mantes-la-Jolie : un accident plus que malheureux<\/strong><\/a><br \/>Ertugrul, un enfant de 4 ans atteint de troubles autistiques est mort, probablement noy\u00e9, le vendredi 11 avril 2025 au lac de Gassicourt \u00e0 Mantes-la-Jolie (Yvelines).<\/p>\n<p class=\" wall-content\"><b>Seine-et-Marne. <\/b><a title=\"Lire l&#039;article\" href=\"https:\/\/actu.fr\/societe\/on-a-retrouve-plusieurs-impacts-de-balles-mais-qui-en-veut-aux-coqs-des-eglises-de-seine-et-marne_62504685.html\" rel=\"nofollow noopener\" target=\"_blank\"><strong>\u00ab On a retrouv\u00e9 plusieurs impacts de balles \u00bb : mais qui en veut aux coqs des \u00e9glises de Seine-et-Marne ?<\/strong><\/a><br \/>Au cours de travaux de r\u00e9novation, plusieurs villes de Seine-et-Marne ont d\u00e9couvert que le coq qui tr\u00f4ne au sommet du clocher de leur \u00e9glise \u00e9tait perfor\u00e9 de plusieurs balles.<\/p>\n<p class=\" wall-content\"><strong>Suivez-nous pour en savoir plus\u2009!<\/strong><\/p>\n<p class=\" wall-content\">Paris\u2009: retrouvez actu Paris sur <a href=\"https:\/\/www.facebook.com\/actufr.paris\/\" rel=\"nofollow noopener\" target=\"_blank\">Facebook<\/a> et <a href=\"https:\/\/x.com\/actufrparis\" rel=\"nofollow\">Twitter\u2009<\/a>;<br \/>Seine-et-Marne\u2009: retrouvez\u00a0La R\u00e9publique de Seine-et-Marne\u00a0(sud) sur\u00a0<a href=\"https:\/\/www.facebook.com\/RepubliqueSeineMarne\/\" rel=\"nofollow noopener\" target=\"_blank\">Facebook\u00a0<\/a>et\u00a0<a href=\"https:\/\/x.com\/JournalLaMarne\" rel=\"nofollow\">Twitter\u2009<\/a>;\u00a0La Marne\u00a0(nord) sur\u00a0<a href=\"https:\/\/www.facebook.com\/RepubliqueSeineMarne\/\" rel=\"nofollow noopener\" target=\"_blank\">Facebook\u00a0<\/a>et\u00a0<a href=\"https:\/\/x.com\/JournalLaMarne\" rel=\"nofollow\">Twitter\u2009<\/a>; et\u00a0Le Pays Briard\u00a0sur\u00a0<a href=\"https:\/\/www.facebook.com\/LePaysBriard\/?ref=bookmarks\" rel=\"nofollow noopener\" target=\"_blank\">Facebook\u00a0<\/a>et\u00a0<a href=\"https:\/\/x.com\/LePaysBriard\" rel=\"nofollow\">Twitter\u2009<\/a>;<br \/>Yvelines\u2009: retrouvez\u00a078actu\u00a0sur\u00a0<a href=\"https:\/\/www.facebook.com\/78actu?locale=fr_FR\" rel=\"nofollow noopener\" target=\"_blank\">Facebook\u00a0<\/a>et\u00a0Twitter\u2009;<br \/>Essonne\u2009: retrouvez\u00a0actu Essonne\u00a0sur\u00a0<a href=\"https:\/\/www.facebook.com\/actuessonne\/?ref=br_rs\" rel=\"nofollow noopener\" target=\"_blank\">Facebook\u00a0<\/a>et\u00a0<a href=\"https:\/\/x.com\/ActuEssonne\" rel=\"nofollow\">Twitter\u2009<\/a>;<br \/>Hauts-de-Seine\u2009: retrouvez\u00a0actu Hauts-de-Seine\u00a0sur\u00a0<a href=\"https:\/\/www.facebook.com\/actufr.hautsdeseine\/\" rel=\"nofollow noopener\" target=\"_blank\">Facebook\u00a0<\/a>et\u00a0<a href=\"https:\/\/x.com\/actufr92\" rel=\"nofollow\">Twitter\u2009<\/a>;<br \/>Seine-Saint-Denis\u2009: retrouvez\u00a0actu Seine-Saint-Denis\u00a0sur\u00a0<a href=\"https:\/\/www.facebook.com\/actu94.valdemarne\/\" rel=\"nofollow noopener\" target=\"_blank\">Facebook\u00a0<\/a>et\u00a0<a href=\"https:\/\/x.com\/actufr93\" rel=\"nofollow\">Twitter\u2009<\/a>;<br \/>Val-de-Marne\u2009: retrouvez\u00a0actu Val-de-Marne\u00a0sur\u00a0<a href=\"https:\/\/www.facebook.com\/actu94.valdemarne\/\" rel=\"nofollow noopener\" target=\"_blank\">Facebook\u00a0<\/a>et\u00a0<a href=\"https:\/\/x.com\/actufr94\" rel=\"nofollow\">Twitter\u2009<\/a>;<br \/>Val-d\u2019Oise\u2009: retrouvez\u00a0La Gazette du Val-d\u2019Oise\u00a0sur\u00a0<a href=\"https:\/\/www.facebook.com\/lagazetteduvaldoise\/\" rel=\"nofollow noopener\" target=\"_blank\">Facebook<\/a>.<\/p>\n<p class=\" wall-content\">Suivez toute l\u2019actualit\u00e9 de vos villes et m\u00e9dias favoris en vous inscrivant \u00e0 <a href=\"https:\/\/moncompte.actu.fr\" title=\"D\u00e9couvez Mon Actu\" rel=\"nofollow noopener\" data-trk=\"{&quot;cta&quot;:{&quot;action&quot;:&quot;https:\\\/\\\/moncompte.actu.fr&quot;,&quot;category&quot;:&quot;mon compte&quot;,&quot;from&quot;:&quot;article footer&quot;,&quot;name&quot;:&quot;Mon actu&quot;,&quot;type&quot;:&quot;cta&quot;}}\" target=\"_blank\">Mon Actu<\/a>.<\/p>\n","protected":false},"excerpt":{"rendered":"Par Antoine Grotteria Publi\u00e9 le 13 avr. 2025 \u00e0 18h52 Un \u00e9v\u00e9nement toujours \u00e0 part. Comme depuis pr\u00e8s&hellip;\n","protected":false},"author":2,"featured_media":22696,"comment_status":"","ping_status":"","sticky":false,"template":"","format":"standard","meta":{"footnotes":""},"categories":[1888],"tags":[1111,1928,11,1927,215,1777,674,1011,27,1310,12,1926,626,1925,25,104],"class_list":{"0":"post-22695","1":"post","2":"type-post","3":"status-publish","4":"format-standard","5":"has-post-thumbnail","7":"category-paris","8":"tag-actu","9":"tag-actu-paris","10":"tag-actualites","11":"tag-actualites-paris","12":"tag-commerce","13":"tag-eu","14":"tag-europe","15":"tag-fr","16":"tag-france","17":"tag-incendie","18":"tag-news","19":"tag-news-paris","20":"tag-paris","21":"tag-paris-news","22":"tag-republique-francaise","23":"tag-societe"},"share_on_mastodon":{"url":"https:\/\/pubeurope.com\/@fr\/114331822905526078","error":""},"_links":{"self":[{"href":"https:\/\/www.europesays.com\/fr\/wp-json\/wp\/v2\/posts\/22695","targetHints":{"allow":["GET"]}}],"collection":[{"href":"https:\/\/www.europesays.com\/fr\/wp-json\/wp\/v2\/posts"}],"about":[{"href":"https:\/\/www.europesays.com\/fr\/wp-json\/wp\/v2\/types\/post"}],"author":[{"embeddable":true,"href":"https:\/\/www.europesays.com\/fr\/wp-json\/wp\/v2\/users\/2"}],"replies":[{"embeddable":true,"href":"https:\/\/www.europesays.com\/fr\/wp-json\/wp\/v2\/comments?post=22695"}],"version-history":[{"count":0,"href":"https:\/\/www.europesays.com\/fr\/wp-json\/wp\/v2\/posts\/22695\/revisions"}],"wp:featuredmedia":[{"embeddable":true,"href":"https:\/\/www.europesays.com\/fr\/wp-json\/wp\/v2\/media\/22696"}],"wp:attachment":[{"href":"https:\/\/www.europesays.com\/fr\/wp-json\/wp\/v2\/media?parent=22695"}],"wp:term":[{"taxonomy":"category","embeddable":true,"href":"https:\/\/www.europesays.com\/fr\/wp-json\/wp\/v2\/categories?post=22695"},{"taxonomy":"post_tag","embeddable":true,"href":"https:\/\/www.europesays.com\/fr\/wp-json\/wp\/v2\/tags?post=22695"}],"curies":[{"name":"wp","href":"https:\/\/api.w.org\/{rel}","templated":true}]}}