{"id":226954,"date":"2025-07-05T01:11:14","date_gmt":"2025-07-05T01:11:14","guid":{"rendered":"https:\/\/www.europesays.com\/fr\/226954\/"},"modified":"2025-07-05T01:11:14","modified_gmt":"2025-07-05T01:11:14","slug":"la-mairie-preempte-la-maison-de-son-grand-pere-elle-ne-peut-plus-payer-lehpad-2","status":"publish","type":"post","link":"https:\/\/www.europesays.com\/fr\/226954\/","title":{"rendered":"La mairie pr\u00e9empte la maison de son grand-p\u00e8re, elle ne peut plus payer l\u2019Ehpad"},"content":{"rendered":"<p><strong>d\u00e9sarroi &#8211; Une femme et la mairie de Toulouse s\u2019opposent depuis un an sur la valeur d\u2019une maison, pour laquelle la Ville a fait valoir son droit de pr\u00e9emption<\/strong><\/p>\n<p>Une habitante de Marsillargues (<a href=\"https:\/\/www.20minutes.fr\/societe\/herault\/?at_medium=RSS%20feed&amp;at_campaign=ynews&amp;utm_source=yahoo&amp;utm_medium=rss&amp;utm_campaign=news_feed&amp;utm_content=in_article_link\" rel=\"nofollow noopener\" target=\"_blank\" data-ylk=\"slk:H\u00e9rault;elm:context_link;itc:0;sec:content-canvas\" class=\"link \">H\u00e9rault<\/a>) souhaitait vendre rapidement la maison de son grand-p\u00e8re de 87 ans dans le quartier des Sept Deniers, \u00e0 <a href=\"https:\/\/www.20minutes.fr\/toulouse\/?at_medium=RSS%20feed&amp;at_campaign=ynews&amp;utm_source=yahoo&amp;utm_medium=rss&amp;utm_campaign=news_feed&amp;utm_content=in_article_link\" rel=\"nofollow noopener\" target=\"_blank\" data-ylk=\"slk:Toulouse;elm:context_link;itc:0;sec:content-canvas\" class=\"link \">Toulouse<\/a>, pour \u00e9ponger ses dettes et financer la r\u00e9sidence m\u00e9dicalis\u00e9e o\u00f9 le <a href=\"https:\/\/www.20minutes.fr\/dossier\/retraite?at_medium=RSS%20feed&amp;at_campaign=ynews&amp;utm_source=yahoo&amp;utm_medium=rss&amp;utm_campaign=news_feed&amp;utm_content=in_article_link\" rel=\"nofollow noopener\" target=\"_blank\" data-ylk=\"slk:retrait\u00e9;elm:context_link;itc:0;sec:content-canvas\" class=\"link \">retrait\u00e9 <\/a>est contraint de vivre depuis 2024. Probl\u00e8me : la mairie a fait valoir son droit de pr\u00e9emption et entend r\u00e9cup\u00e9rer le bien \u00e0 un prix bien inf\u00e9rieur \u00e0 celui estim\u00e9.<\/p>\n<p>Si le juge de l\u2019expropriation a rendu une d\u00e9cision en la faveur de la petite-fille le 8 avril dernier, la Ville a finalement fait appel le 19 mai, rapporte <a href=\"https:\/\/www.ladepeche.fr\/2025\/07\/04\/insupportable-toulouse-preempte-une-maison-une-famille-privee-de-600-000-euros-pour-payer-lehpad-du-grand-pere-12785618.php?at_medium=RSS%20feed&amp;at_campaign=ynews&amp;utm_source=yahoo&amp;utm_medium=rss&amp;utm_campaign=news_feed&amp;utm_content=in_article_link\" rel=\"nofollow noopener\" target=\"_blank\" data-ylk=\"slk:La D\u00e9p\u00eache du Midi;elm:context_link;itc:0;sec:content-canvas\" class=\"link \">La D\u00e9p\u00eache du Midi<\/a>.<\/p>\n<p>Une situation probl\u00e9matique<\/p>\n<p>La <a href=\"https:\/\/www.20minutes.fr\/dossier\/mairie?at_medium=RSS%20feed&amp;at_campaign=ynews&amp;utm_source=yahoo&amp;utm_medium=rss&amp;utm_campaign=news_feed&amp;utm_content=in_article_link\" rel=\"nofollow noopener\" target=\"_blank\" data-ylk=\"slk:municipalit\u00e9;elm:context_link;itc:0;sec:content-canvas\" class=\"link \">municipalit\u00e9 <\/a>voudrait acqu\u00e9rir cette maison afin de cr\u00e9er un passage pour pi\u00e9tons et v\u00e9los entre la place Job et la future station de m\u00e9tro des Sept Deniers. Il y a un an, elle a donc fait valoir son droit de pr\u00e9emption et a propos\u00e9 468.000 euros. Sauf que la petite-fille rejette la proc\u00e9dure, sur le fond comme sur la forme. Depuis le d\u00e9part, elle ne souhaite pas que cette <a href=\"https:\/\/www.20minutes.fr\/dossier\/maison?at_medium=RSS%20feed&amp;at_campaign=ynews&amp;utm_source=yahoo&amp;utm_medium=rss&amp;utm_campaign=news_feed&amp;utm_content=in_article_link\" rel=\"nofollow noopener\" target=\"_blank\" data-ylk=\"slk:maison;elm:context_link;itc:0;sec:content-canvas\" class=\"link \">maison<\/a>, dans laquelle elle a de nombreux souvenirs, soit ras\u00e9e, <a href=\"https:\/\/www.ladepeche.fr\/2025\/07\/04\/insupportable-toulouse-preempte-une-maison-une-famille-privee-de-600-000-euros-pour-payer-lehpad-du-grand-pere-12785618.php?at_medium=RSS%20feed&amp;at_campaign=ynews&amp;utm_source=yahoo&amp;utm_medium=rss&amp;utm_campaign=news_feed&amp;utm_content=in_article_link\" rel=\"nofollow noopener\" target=\"_blank\" data-ylk=\"slk:expliquait-elle \u00e0 nos confr\u00e8res il y a un an;elm:context_link;itc:0;sec:content-canvas\" class=\"link \">expliquait-elle \u00e0 nos confr\u00e8res il y a un an<\/a>.<\/p>\n<p>Du reste, un particulier avait propos\u00e9 plus de 550.000 euros pour r\u00e9cup\u00e9rer la demeure. Le service du Domaine aurait de son c\u00f4t\u00e9 estim\u00e9 le bien \u00e0 plus de 600.000 euros. Une somme sur laquelle elle comptait, alors que l\u2019octog\u00e9naire a des dettes de 55.000 euros.<\/p>\n<p>Des d\u00e9lais inqui\u00e9tants<\/p>\n<p>La petite-fille se sent prise au pi\u00e8ge, d\u2019autant qu\u2019elle a d\u00fb \u00e0 son tour s\u2019endetter en frais d\u2019avocat et d\u00e9penses li\u00e9es \u00e0 la r\u00e9s(&#8230;)<\/p>\n<p><a href=\"https:\/\/www.20minutes.fr\/societe\/4162011-20250704-toulouse-mairie-preempte-maison-grand-pere-peut-plus-payer-ehpad?at_medium=RSS%20feed&amp;at_campaign=ynews&amp;utm_source=yahoo&amp;utm_medium=rss&amp;utm_campaign=news_feed&amp;utm_content=read_more_link\" rel=\"nofollow noopener\" target=\"_blank\" data-ylk=\"slk:Lire la suite sur 20minutes;elm:context_link;itc:0;sec:content-canvas\" class=\"link \">Lire la suite sur 20minutes<\/a><\/p>\n<p>\u00c0 lire aussi :<br \/><a href=\"https:\/\/www.20minutes.fr\/faits_divers\/4022159-20230206-grenoble-maison-squattee-peut-plus-vendre-payer-sejour-ehpad?at_medium=RSS%20feed&amp;at_campaign=ynews&amp;utm_source=yahoo&amp;utm_medium=rss&amp;utm_campaign=news_feed&amp;utm_content=related_content_link\" rel=\"nofollow noopener\" target=\"_blank\" data-ylk=\"slk:Grenoble : Sa maison est squatt\u00e9e, il ne peut plus la vendre pour payer son s\u00e9jour en Ehpad;elm:context_link;itc:0;sec:content-canvas\" class=\"link \">Grenoble : Sa maison est squatt\u00e9e, il ne peut plus la vendre pour payer son s\u00e9jour en Ehpad<\/a><br \/><a href=\"https:\/\/www.20minutes.fr\/societe\/4106226-20240819-va-faire-crise-cardiaque-grand-pere-doit-vendre-tout-prix-maison-payer-ehpad?at_medium=RSS%20feed&amp;at_campaign=ynews&amp;utm_source=yahoo&amp;utm_medium=rss&amp;utm_campaign=news_feed&amp;utm_content=related_content_link\" rel=\"nofollow noopener\" target=\"_blank\" data-ylk=\"slk:\u00ab Il va me faire une crise cardiaque ! \u00bb\u2026 Un grand-p\u00e8re doit vendre \u00e0 tout prix sa maison pour payer son Ehpad;elm:context_link;itc:0;sec:content-canvas\" class=\"link \">\u00ab Il va me faire une crise cardiaque ! \u00bb\u2026 Un grand-p\u00e8re doit vendre \u00e0 tout prix sa maison pour payer son Ehpad<\/a><\/p>\n","protected":false},"excerpt":{"rendered":"d\u00e9sarroi &#8211; Une femme et la mairie de Toulouse s\u2019opposent depuis un an sur la valeur d\u2019une maison,&hellip;\n","protected":false},"author":2,"featured_media":226955,"comment_status":"","ping_status":"","sticky":false,"template":"","format":"standard","meta":{"footnotes":""},"categories":[2816],"tags":[1111,11,36517,1777,674,1011,27,36519,31940,12,2680,25,36518,2312],"class_list":{"0":"post-226954","1":"post","2":"type-post","3":"status-publish","4":"format-standard","5":"has-post-thumbnail","7":"category-toulouse","8":"tag-actu","9":"tag-actualites","10":"tag-droit-de-preemption","11":"tag-eu","12":"tag-europe","13":"tag-fr","14":"tag-france","15":"tag-juge-de-lexpropriation","16":"tag-la-depeche-du-midi","17":"tag-news","18":"tag-occitanie","19":"tag-republique-francaise","20":"tag-sept-deniers","21":"tag-toulouse"},"share_on_mastodon":{"url":"https:\/\/pubeurope.com\/@fr\/114797968402203406","error":""},"_links":{"self":[{"href":"https:\/\/www.europesays.com\/fr\/wp-json\/wp\/v2\/posts\/226954","targetHints":{"allow":["GET"]}}],"collection":[{"href":"https:\/\/www.europesays.com\/fr\/wp-json\/wp\/v2\/posts"}],"about":[{"href":"https:\/\/www.europesays.com\/fr\/wp-json\/wp\/v2\/types\/post"}],"author":[{"embeddable":true,"href":"https:\/\/www.europesays.com\/fr\/wp-json\/wp\/v2\/users\/2"}],"replies":[{"embeddable":true,"href":"https:\/\/www.europesays.com\/fr\/wp-json\/wp\/v2\/comments?post=226954"}],"version-history":[{"count":0,"href":"https:\/\/www.europesays.com\/fr\/wp-json\/wp\/v2\/posts\/226954\/revisions"}],"wp:featuredmedia":[{"embeddable":true,"href":"https:\/\/www.europesays.com\/fr\/wp-json\/wp\/v2\/media\/226955"}],"wp:attachment":[{"href":"https:\/\/www.europesays.com\/fr\/wp-json\/wp\/v2\/media?parent=226954"}],"wp:term":[{"taxonomy":"category","embeddable":true,"href":"https:\/\/www.europesays.com\/fr\/wp-json\/wp\/v2\/categories?post=226954"},{"taxonomy":"post_tag","embeddable":true,"href":"https:\/\/www.europesays.com\/fr\/wp-json\/wp\/v2\/tags?post=226954"}],"curies":[{"name":"wp","href":"https:\/\/api.w.org\/{rel}","templated":true}]}}