{"id":226960,"date":"2025-07-05T01:14:09","date_gmt":"2025-07-05T01:14:09","guid":{"rendered":"https:\/\/www.europesays.com\/fr\/226960\/"},"modified":"2025-07-05T01:14:09","modified_gmt":"2025-07-05T01:14:09","slug":"une-figure-du-grand-banditisme-marseillais-criblee-de-balles-dans-sa-cuisine","status":"publish","type":"post","link":"https:\/\/www.europesays.com\/fr\/226960\/","title":{"rendered":"Une figure du grand banditisme marseillais cribl\u00e9e de balles dans sa cuisine"},"content":{"rendered":"<p>Le samedi 28\u00a0juin dernier, l\u2019homme avait \u00e9t\u00e9 d\u00e9couvert par son \u00e9pouse \u00e9tendue sur le sol de leur cuisine de Fr\u00e9jus, le corps cribl\u00e9 de balles. Tr\u00e8s gri\u00e8vement bless\u00e9 au cou et \u00e0 l\u2019omoplate, il avait \u00e9t\u00e9 transport\u00e9 aux urgences avec un pronostic vital engag\u00e9.<\/p>\n<p>Selon nos confr\u00e8res de Var Matin, qui ont r\u00e9v\u00e9l\u00e9 l\u2019information, la victime est loin d\u2019\u00eatre inconnu des services de police\u00a0: \u00e2g\u00e9 de 54\u00a0ans, Robert Acari\u00e8s, alias \u00ab\u00a0Bob\u00a0\u00bb, est ce que l\u2019on peut appeler une figure du banditisme marseillais, fich\u00e9 comme tel. En\u00a02016, il avait \u00e9t\u00e9 condamn\u00e9 \u00e0 10\u00a0ans de r\u00e9clusion, aux c\u00f4t\u00e9s, entre autres, de G\u00e9rald Campanella (absent de l\u2019audience) et de Jean-Louis Grimaudo (assassin\u00e9 en\u00a02018) apr\u00e8s la d\u00e9couverte d\u2019un cache d\u2019arme dans le <a href=\"https:\/\/www.laprovence.com\/bouches-du-rhone\/marseille-13055\" target=\"_blank\" rel=\"nofollow noopener\">quartier de la Capelette<\/a> (10e).<\/p>\n<p>En explorant cette planque mutualis\u00e9e entre plusieurs \u00e9quipes criminelles, d\u00e9montrant la perm\u00e9abilit\u00e9 entre le banditisme classique et le narcobanditisme de cit\u00e9, les policiers \u00e9taient tomb\u00e9s sur un v\u00e9ritable arsenal\u00a0: Kalachnikov, pistolets automatiques, gilets pare-balles, pistolet-mitrailleur Uzi, fusils \u00e0 pompe, cagoules, talkie-walkie, perruques\u2026<\/p>\n<p>\u00c0 l\u2019audience, il se pr\u00e9sente comme un p\u00eacheur<\/p>\n<p><a href=\"https:\/\/www.laprovence.com\/article\/faits-divers-justice\/4163956\/acaries-je-suis-le-patron-de-personne.html\" target=\"_blank\" rel=\"nofollow noopener\">Au cours de l\u2019audience, belle gueule, tir\u00e9 \u00e0 quatre \u00e9pingles et \u00e9changeant depuis son box des gestes affectueux de la main avec son \u00e9pouse, ce gros poisson comptant alors 13 ann\u00e9es de prison au compteur avait assur\u00e9 vivre de la vente de sa p\u00eache,<\/a> qu\u2019il aurait distribu\u00e9e \u00e0 une \u00e9poque dans les meilleurs restaurants de Marseille.<\/p>\n<p>Cousin de Michel Acari\u00e8s, un braqueur notoire, il avait d\u00e9j\u00e0 \u00e9t\u00e9 interpell\u00e9 \u00e0 Nice, en\u00a02002, dans un appartement rempli\u2026 d\u2019armes de guerre. Jug\u00e9 et condamn\u00e9 \u00e0 6\u00a0ans de prison deux ans plus tard, en correctionnelle pour \u00ab\u00a0association de malfaiteurs\u00a0\u00bb, il s\u2019\u00e9tait cette fois pr\u00e9sent\u00e9 comme \u00ab\u00a0un collectionneur venu acheter une arme pour le tir\u2026\u00a0\u00bb<\/p>\n<p>Profitant d\u2019un am\u00e9nagement de peine, il \u00e9tait sorti en\u00a02020 avant de refaire parler de lui en\u00a02023, dans un dossier d\u2019extorsion.<\/p>\n<p>Plac\u00e9 en d\u00e9tention provisoire, puis rel\u00e2ch\u00e9, Robert Acari\u00e8s avait quitt\u00e9 <a href=\"https:\/\/www.laprovence.com\/\" target=\"_blank\" rel=\"nofollow noopener\">Marseille<\/a> pour une villa \u00e0 l\u2019architecture moderne aux confins du quartier de Saint-Aygulf, \u00e0 Fr\u00e9jus, et avait disparu des radars jusqu\u2019\u00e0 ce samedi 28\u00a0juin.<\/p>\n<p>De source polici\u00e8re, on indique que plusieurs suspects circulant \u00e0 bord d\u2019un SUV l\u2019auraient suivi, alors qu\u2019elle regagnait son domicile vers 12h30, avant de vider leurs chargeurs de 9mm sur leur cible. Des dizaines d\u2019impacts ont \u00e9t\u00e9 retrouv\u00e9es sur le mur de sa cuisine, ainsi que des douilles au sol.<\/p>\n<p>Miracul\u00e9, Robert Acari\u00e8s serait \u00e0 cette heure tir\u00e9 d\u2019affaire. \u00c0 cet instant, aucune piste n\u2019est privil\u00e9gi\u00e9e.<\/p>\n","protected":false},"excerpt":{"rendered":"Le samedi 28\u00a0juin dernier, l\u2019homme avait \u00e9t\u00e9 d\u00e9couvert par son \u00e9pouse \u00e9tendue sur le sol de leur cuisine&hellip;\n","protected":false},"author":2,"featured_media":226961,"comment_status":"","ping_status":"","sticky":false,"template":"","format":"standard","meta":{"footnotes":""},"categories":[2814],"tags":[17,1111,11,7951,2516,1102,36521,1777,674,274,36520,1011,27,2515,761,884,12,882,25,96],"class_list":{"0":"post-226960","1":"post","2":"type-post","3":"status-publish","4":"format-standard","5":"has-post-thumbnail","7":"category-marseille","8":"tag-17","9":"tag-actu","10":"tag-actualites","11":"tag-balles","12":"tag-banditisme","13":"tag-breakingnews","14":"tag-criblee","15":"tag-eu","16":"tag-europe","17":"tag-faits-divers-justice","18":"tag-figure","19":"tag-fr","20":"tag-france","21":"tag-grand","22":"tag-marseillais","23":"tag-marseille","24":"tag-news","25":"tag-provence-alpes-cote-dazur","26":"tag-republique-francaise","27":"tag-une"},"share_on_mastodon":{"url":"https:\/\/pubeurope.com\/@fr\/114797980247673590","error":""},"_links":{"self":[{"href":"https:\/\/www.europesays.com\/fr\/wp-json\/wp\/v2\/posts\/226960","targetHints":{"allow":["GET"]}}],"collection":[{"href":"https:\/\/www.europesays.com\/fr\/wp-json\/wp\/v2\/posts"}],"about":[{"href":"https:\/\/www.europesays.com\/fr\/wp-json\/wp\/v2\/types\/post"}],"author":[{"embeddable":true,"href":"https:\/\/www.europesays.com\/fr\/wp-json\/wp\/v2\/users\/2"}],"replies":[{"embeddable":true,"href":"https:\/\/www.europesays.com\/fr\/wp-json\/wp\/v2\/comments?post=226960"}],"version-history":[{"count":0,"href":"https:\/\/www.europesays.com\/fr\/wp-json\/wp\/v2\/posts\/226960\/revisions"}],"wp:featuredmedia":[{"embeddable":true,"href":"https:\/\/www.europesays.com\/fr\/wp-json\/wp\/v2\/media\/226961"}],"wp:attachment":[{"href":"https:\/\/www.europesays.com\/fr\/wp-json\/wp\/v2\/media?parent=226960"}],"wp:term":[{"taxonomy":"category","embeddable":true,"href":"https:\/\/www.europesays.com\/fr\/wp-json\/wp\/v2\/categories?post=226960"},{"taxonomy":"post_tag","embeddable":true,"href":"https:\/\/www.europesays.com\/fr\/wp-json\/wp\/v2\/tags?post=226960"}],"curies":[{"name":"wp","href":"https:\/\/api.w.org\/{rel}","templated":true}]}}