{"id":226962,"date":"2025-07-05T01:15:29","date_gmt":"2025-07-05T01:15:29","guid":{"rendered":"https:\/\/www.europesays.com\/fr\/226962\/"},"modified":"2025-07-05T01:15:29","modified_gmt":"2025-07-05T01:15:29","slug":"sur-mubi-plongee-dans-des-recits-phoceens-avec-la-collection-marseille","status":"publish","type":"post","link":"https:\/\/www.europesays.com\/fr\/226962\/","title":{"rendered":"Sur Mubi, plong\u00e9e dans des r\u00e9cits phoc\u00e9ens avec la collection Marseille"},"content":{"rendered":"<p><strong>Cet \u00e9t\u00e9, Mubi rafra\u00eechit. La plateforme de streaming phare des cin\u00e9philes angle son regard avis\u00e9 vers le sud. Une cit\u00e9 ensoleill\u00e9e, qui surplombe la M\u00e9diterran\u00e9e, d\u00e9borde d\u00e9sormais sur les collections estivales de Mubi. Il s\u2019agit de Marseille, bien s\u00fbr. Visite en huit films.<\/strong><\/p>\n<p>De toute \u00e9vidence, le cin\u00e9 club digital ne d\u00e9\u00e7oit jamais. <strong>Son catalogue se veut riche mais tout en finesse<\/strong>, jonch\u00e9 de films aussi cultes que fugaces. On y trouve des audaces de passage, \u00e0 regarder comme on choisirait instinctivement un film \u00e0 l\u2019affiche d\u2019un cin\u00e9ma, le temps de sa vie en salle. En ligne, le clic n\u2019en est que plus facile. Si les membres se cr\u00e9ent m\u00eame leurs propres listes de lecture, comme des moodboards \u00e0 pellicule esth\u00e9tique, les collections sign\u00e9es <a href=\"https:\/\/www.harpersbazaar.fr\/culture\/mubi-fest-2025-le-rendez-vous-des-cinephiles-revient-avec-11-destinations-mondiales-dont-paris_5164\" target=\"_blank\" rel=\"noopener\">Mubi<\/a> nourrissent toute cin\u00e9philie \u00e0 l\u2019infini. On pense \u00e0 un best-of <a href=\"https:\/\/www.harpersbazaar.fr\/culture\/la-passion-selon-beatrice-dalle-sur-les-traces-de-pier-paolo-pasolini_3863\" target=\"_blank\" rel=\"noopener\">Passion B\u00e9atrice Dalle<\/a>, \u00e0 un sp\u00e9cial <a href=\"https:\/\/www.harpersbazaar.fr\/culture\/david-lynch-en-cinq-films-majeurs_4551\" target=\"_blank\" rel=\"noopener\">David Lynch<\/a>, des r\u00eaves aux cauchemars, mais aussi, un concentr\u00e9 de fratries \u00e0 l\u2019\u00e9cran, de Faux-Semblants de <a href=\"https:\/\/www.harpersbazaar.fr\/culture\/le-cinema-de-david-cronenberg-en-10-films-marquants_5271\" target=\"_blank\" rel=\"noopener\">David Cronenberg<\/a> \u00e0 Incendies de <a href=\"https:\/\/www.harpersbazaar.fr\/culture\/pour-imaginer-la-suite-de-james-bond-denis-villeneuve-prend-les-commandes_5914\" target=\"_blank\" rel=\"noopener\">Denis Villeneuve<\/a>, ou encore, une trajectoire de chass\u00e9s-crois\u00e9s amoureux, de Matthias et Maxime de <a href=\"https:\/\/www.harpersbazaar.fr\/culture\/xavier-dolan-suspend-sa-retraite-pour-preparer-un-film-d-horreur-et-on-a-deja-hate_3223\" target=\"_blank\" rel=\"noopener\">Xavier Dolan<\/a> \u00e0 Matt et Mara de Kazik Radwanski.<\/p>\n<p>Si la famille et la romance se vivent tout au long de l\u2019ann\u00e9e, \u00e0 la belle saison, on pr\u00e9f\u00e8re des th\u00e9matiques caniculaires, qui vibrent sous les rayons du soleil, \u00e0 base d\u2019intrigues qui tapent et de personnages qui nous \u00e9chappent. Alors, Mubi sort, comme une \u00e9vidence, <strong>Marseille, sa collection d\u2019histoires phoc\u00e9ennes.<\/strong> Aper\u00e7u des huit films \u00e0 regarder pour prendre le large sans se lever.<\/p>\n<p>Marseille en trois d\u00e9cennies de pellicule<\/p>\n<p>En 1981, <strong>Ren\u00e9 Allo narre la nostalgie de Marseille<\/strong>, cette ville qui le voit na\u00eetre lui et ses anc\u00eatres. Une g\u00e9n\u00e9alogie remont\u00e9e en plein soleil, dans la lumi\u00e8re qui r\u00e9chauffe et le son des vagues qui berce. Il obtient le tendre documentaire L\u2019Heure exquise, dont l\u2019\u00e9motion, elle, semble arr\u00eater le temps. Il n\u2019y a pas meilleure amorce. En 1996, <strong>Claire Denis capture l\u2019\u00e9t\u00e9 r\u00eav\u00e9 de Boni<\/strong>, un Marseillais au caract\u00e8re aussi bouillant que ses pizzas au feu de bois. Le port de Marseille, les camarades et Valeria Bruni-Tedeschi en boulang\u00e8re de tous les fantasmes\u2026 Lorsque N\u00e9nette, la petite s\u0153ur du jeune homme, rentre \u00e0 l\u2019improviste avec un invit\u00e9 surprise, la ville prend une saveur douce-amer. L\u2019ann\u00e9e suivante, en 1997, direction <strong>le quartier de l\u2019Estaque sur la pellicule de Robert Gu\u00e9diguian<\/strong>. L\u00e0, Jeannette, m\u00e8re, caissi\u00e8re et c\u00e9libataire, ne se laisse jamais faire. Marius, lui, \u00e0 la garde de la cimenterie, cherche des mots \u00e0 dire pour la faire sourire. \u00c0 deux, ils forment Marius et Jeannette, une romance en b\u00e9ton.<\/p>\n<p><img decoding=\"async\" src=\"https:\/\/www.europesays.com\/fr\/wp-content\/uploads\/2025\/07\/picture.jpg\" alt=\"\u201cSamia\u201d de Philippe Faucon, 2000. \" class=\"allowseedtag apply-ratio lazyload\"\/>\u00a9 Mubi\u201cSamia\u201d de Philippe Faucon, 2000. <\/p>\n<p>En 2000, la pluralit\u00e9 de Marseille est vis\u00e9e dans le mille. Ou plut\u00f4t, <strong>dans l&rsquo;\u0153il de Philippe Faucon<\/strong>. Avec Samia, il suit la qu\u00eate identitaire d\u2019une adolescente rebelle mais lucide, qui cherche sa place autant que sa famille d\u2019immigr\u00e9s dans la soci\u00e9t\u00e9. Quatre ans plus tard, <strong>Angela Schanelec fait rayonner Marseille dans son ambigu\u00eft\u00e9<\/strong> avec son film \u00e9ponyme, ode aux insaisissables. En 2018, deux romances font monter la temp\u00e9rature. Un amour en p\u00e9riode d&rsquo;oppression dans le Transit de Christian Petzold, puis, un <strong>coup de foudre juv\u00e9nile<\/strong> avec le c\u00e9saris\u00e9 Sh\u00e9h\u00e9razade de Jean-Bernard Marlin, pour vaincre la violence sociale \u00e0 coups de tendresse. <\/p>\n<p><img decoding=\"async\" src=\"https:\/\/www.europesays.com\/fr\/wp-content\/uploads\/2025\/07\/1751678129_978_picture.jpg\" alt=\"\u201cSh\u00e9h\u00e9razade\u201d de Jean-Bernard Marlin, 2018. \" class=\"allowseedtag apply-ratio lazyload\"\/>\u00a9 Mubi\u201cSh\u00e9h\u00e9razade\u201d de Jean-Bernard Marlin, 2018. <\/p>\n<p>Plus frais encore, en 2022, T\u00e9o Laglisse sillonne en fisheye les rues sinueuses de Marseille, la jeunesse agit\u00e9e et abonn\u00e9e aux raves au premier plan, direction la mer. Il en obtient Vir\u00e9e s\u00e8che. Cet \u00e9t\u00e9 sur <a href=\"https:\/\/mubi.com\/fr\/fr\/collections\/marseille\" target=\"_blank\" rel=\"noopener\">Mubi<\/a>, ces vir\u00e9es ensoleill\u00e9es sont \u00e0 port\u00e9e. <\/p>\n","protected":false},"excerpt":{"rendered":"Cet \u00e9t\u00e9, Mubi rafra\u00eechit. La plateforme de streaming phare des cin\u00e9philes angle son regard avis\u00e9 vers le sud.&hellip;\n","protected":false},"author":2,"featured_media":226963,"comment_status":"","ping_status":"","sticky":false,"template":"","format":"standard","meta":{"footnotes":""},"categories":[2814],"tags":[1111,11,7196,1777,674,1011,27,884,12,882,25],"class_list":{"0":"post-226962","1":"post","2":"type-post","3":"status-publish","4":"format-standard","5":"has-post-thumbnail","7":"category-marseille","8":"tag-actu","9":"tag-actualites","10":"tag-cinu00e9ma","11":"tag-eu","12":"tag-europe","13":"tag-fr","14":"tag-france","15":"tag-marseille","16":"tag-news","17":"tag-provence-alpes-cote-dazur","18":"tag-republique-francaise"},"share_on_mastodon":{"url":"https:\/\/pubeurope.com\/@fr\/114797984194603575","error":""},"_links":{"self":[{"href":"https:\/\/www.europesays.com\/fr\/wp-json\/wp\/v2\/posts\/226962","targetHints":{"allow":["GET"]}}],"collection":[{"href":"https:\/\/www.europesays.com\/fr\/wp-json\/wp\/v2\/posts"}],"about":[{"href":"https:\/\/www.europesays.com\/fr\/wp-json\/wp\/v2\/types\/post"}],"author":[{"embeddable":true,"href":"https:\/\/www.europesays.com\/fr\/wp-json\/wp\/v2\/users\/2"}],"replies":[{"embeddable":true,"href":"https:\/\/www.europesays.com\/fr\/wp-json\/wp\/v2\/comments?post=226962"}],"version-history":[{"count":0,"href":"https:\/\/www.europesays.com\/fr\/wp-json\/wp\/v2\/posts\/226962\/revisions"}],"wp:featuredmedia":[{"embeddable":true,"href":"https:\/\/www.europesays.com\/fr\/wp-json\/wp\/v2\/media\/226963"}],"wp:attachment":[{"href":"https:\/\/www.europesays.com\/fr\/wp-json\/wp\/v2\/media?parent=226962"}],"wp:term":[{"taxonomy":"category","embeddable":true,"href":"https:\/\/www.europesays.com\/fr\/wp-json\/wp\/v2\/categories?post=226962"},{"taxonomy":"post_tag","embeddable":true,"href":"https:\/\/www.europesays.com\/fr\/wp-json\/wp\/v2\/tags?post=226962"}],"curies":[{"name":"wp","href":"https:\/\/api.w.org\/{rel}","templated":true}]}}