{"id":226988,"date":"2025-07-05T01:30:14","date_gmt":"2025-07-05T01:30:14","guid":{"rendered":"https:\/\/www.europesays.com\/fr\/226988\/"},"modified":"2025-07-05T01:30:14","modified_gmt":"2025-07-05T01:30:14","slug":"etats-unis-ou-en-sont-les-discussions-sur-les-droits-de-douane-a-cinq-jours-de-la-date-limite-lexpress","status":"publish","type":"post","link":"https:\/\/www.europesays.com\/fr\/226988\/","title":{"rendered":"Etats-Unis\u00a0: o\u00f9 en sont les discussions sur les droits de douane, \u00e0 cinq jours de la date limite\u00a0? \u2013 L&rsquo;Express"},"content":{"rendered":"<p class=\"paragraph article-body-paragraph article__item   article-body-paragraph--first \">C\u2019est une derni\u00e8re ligne droite marqu\u00e9e par un climat d\u2019incertitude. Les n\u00e9gociations commerciales entre l\u2019UE et les Etats-Unis approchent de la date butoir, <a href=\"https:\/\/www.lexpress.fr\/economie\/droits-de-douane-de-donald-trump-leur-entree-en-vigueur-a-nouveau-repoussee-WX23WCCJUNBVNMOBA53XSOI6HI\/\" target=\"_self\" rel=\"noopener\" title=\"https:\/\/www.lexpress.fr\/economie\/droits-de-douane-de-donald-trump-leur-entree-en-vigueur-a-nouveau-repoussee-WX23WCCJUNBVNMOBA53XSOI6HI\/\">fix\u00e9e au 9 juillet<\/a>, et aucun accord n\u2019a encore \u00e9t\u00e9 conclu, a-t-on appris vendredi 4 juillet de sources diplomatiques. Le week-end va \u00eatre un moment cl\u00e9 pour les n\u00e9gociateurs europ\u00e9ens, qui devront trouver un compromis sur les droits de douane avec leurs partenaires commerciaux outre-Atlantique. Faute de quoi les importations europ\u00e9ennes se verront imposer des <a href=\"https:\/\/www.lexpress.fr\/monde\/amerique\/fache-par-la-taxe-dottawa-donald-trump-met-fin-aux-negociations-commerciales-avec-le-canada-67S2UJNVLJCA5OC5EFFLKJXZMU\/\" target=\"_self\" rel=\"noopener\" title=\"https:\/\/www.lexpress.fr\/monde\/amerique\/fache-par-la-taxe-dottawa-donald-trump-met-fin-aux-negociations-commerciales-avec-le-canada-67S2UJNVLJCA5OC5EFFLKJXZMU\/\">surtaxes \u00e0 l\u2019importation massives<\/a>, pouvant atteindre jusqu\u2019\u00e0 70 %, \u00e0 compter du 1er ao\u00fbt.<\/p>\n<p>Les bourses europ\u00e9ennes cl\u00f4turent dans le rouge<\/p>\n<p class=\"paragraph article-body-paragraph article__item   \">Cette incertitude a \u00e9t\u00e9 ressentie sur les <a href=\"https:\/\/www.lexpress.fr\/economie\/en-direct-droits-de-douane-de-donald-trump-les-bourses-europeennes-en-chute-libre-JDOHMNHBENBQRN6FSNJ4F6P3NY\/\" target=\"_self\" rel=\"noopener\" title=\"https:\/\/www.lexpress.fr\/economie\/en-direct-droits-de-douane-de-donald-trump-les-bourses-europeennes-en-chute-libre-JDOHMNHBENBQRN6FSNJ4F6P3NY\/\">march\u00e9s financiers<\/a> europ\u00e9ens. A Paris, le CAC 40 a termin\u00e9 en baisse de 0,75 % vendredi. De leur c\u00f4t\u00e9, Francfort et Milan ont cl\u00f4tur\u00e9 en baisse de 0,61 % et 0,80 respectivement. La baisse des actions europ\u00e9ennes \u00ab\u00a0reste finalement assez contenue face \u00e0 la menace de Donald Trump sur les droits de douane\u00a0\u00bb, temp\u00e8re toutefois Gr\u00e9goire Kounowski, conseiller en investissements chez Norman K.<\/p>\n<p><strong class=\"article-body-link-list__item text-gray-800 article-body-link-list__item--one-item\">LIRE AUSSI : <a class=\"article-body-link-list__item-link\" href=\"https:\/\/www.lexpress.fr\/economie\/politique-economique\/droits-de-douane-entre-walmart-et-donald-trump-le-bras-de-fer-ne-fait-que-commencer-QMWUQ46VIZAQ5FAZFWDNWZQSN4\/\" target=\"_blank\" rel=\"noreferrer noopener\">Droits de douane : entre Walmart et Donald Trump, le bras de fer ne fait que commencer<\/a><\/strong><\/p>\n<p class=\"paragraph article-body-paragraph article__item   \">Le n\u00e9gociateur en chef de l\u2019UE, le commissaire europ\u00e9en au Commerce <a href=\"https:\/\/www.lexpress.fr\/economie\/politique-economique\/maros-sefcovic-le-colosse-de-bruxelles-qui-veut-raisonner-donald-trump-6BKJSCAZKRFURLFQIEBHKP2GYI\/\" target=\"_blank\" rel=\"noopener\" title=\"https:\/\/www.lexpress.fr\/economie\/politique-economique\/maros-sefcovic-le-colosse-de-bruxelles-qui-veut-raisonner-donald-trump-6BKJSCAZKRFURLFQIEBHKP2GYI\/\">Maros Sefcovic<\/a>, s\u2019est rendu \u00e0 Washington cette semaine pour rencontrer les <a href=\"https:\/\/www.lexpress.fr\/monde\/amerique\/apres-avoir-fache-donald-trump-le-canada-annule-sa-taxe-visant-les-geants-de-la-tech-3KTEEGTKKZFBZOTQJCU5KJFBEA\/\" target=\"_self\" rel=\"noopener\" title=\"https:\/\/www.lexpress.fr\/monde\/amerique\/apres-avoir-fache-donald-trump-le-canada-annule-sa-taxe-visant-les-geants-de-la-tech-3KTEEGTKKZFBZOTQJCU5KJFBEA\/\">n\u00e9gociateurs<\/a> am\u00e9ricains. \u00ab\u00a0Tous les sc\u00e9narios sont possibles\u00a0\u00bb, fait valoir un diplomate. Un autre fait lui montre d\u2019un optimisme mesur\u00e9, affirmant qu\u2019un accord de principe avant la date limite \u00ab\u00a0n\u2019est pas impossible\u00a0\u00bb.<\/p>\n<p>Washington pourrait jouer les prolongations<\/p>\n<p class=\"paragraph article-body-paragraph article__item   \">Le pr\u00e9sident am\u00e9ricain Donald Trump devrait faire conna\u00eetre <a href=\"https:\/\/www.lexpress.fr\/economie\/politique-economique\/droits-de-douane-le-transport-maritime-mondial-en-pleine-tempete-YIJSD377PRHT7CPNWPGVW55KLI\/\" target=\"_self\" rel=\"noopener\" title=\"https:\/\/www.lexpress.fr\/economie\/politique-economique\/droits-de-douane-le-transport-maritime-mondial-en-pleine-tempete-YIJSD377PRHT7CPNWPGVW55KLI\/\">ses intentions<\/a> la semaine prochaine, mais l\u2019Union europ\u00e9enne, son premier partenaire commercial, ne sait toujours pas ce qui l\u2019attend. Le pr\u00e9sident am\u00e9ricain a simplement pr\u00e9cis\u00e9 que 10 \u00e0 12 pays seraient contact\u00e9s d\u00e8s vendredi, par lettre, pour les informer du montant des droits de douane punitifs qu\u2019ils devront payer. Concernant les taux qui figureront dans ces lettres, \u00ab\u00a0ils varieront peut-\u00eatre en valeur de 60 ou 70 % de droits de douane \u00e0 10 et 20 % de droits de douane\u00a0\u00bb, a expliqu\u00e9 Donald Trump.<\/p>\n<p><strong class=\"article-body-link-list__item text-gray-800 article-body-link-list__item--one-item\">LIRE AUSSI : <a class=\"article-body-link-list__item-link\" href=\"https:\/\/www.lexpress.fr\/economie\/politique-economique\/droits-de-douane-les-objectifs-flous-de-trump-rendent-les-negociations-avec-lue-presque-impossible-GMRXP4ZAMJAIFLO4GZAVIFGGMY\/\" target=\"_blank\" rel=\"noreferrer noopener\">Droits de douane : \u00ab\u00a0Les objectifs flous de Trump rendent les n\u00e9gociations avec l\u2019UE presque impossible\u00a0\u00bb<\/a><\/strong><\/p>\n<p class=\"paragraph article-body-paragraph article__item   \">Le locataire de la Maison-Blanche pourrait, en cas d\u2019accord, d\u00e9cider de maintenir le gel des <a href=\"https:\/\/www.lexpress.fr\/economie\/doubles-maintenus-en-sursis-le-point-sur-les-differents-droits-de-douane-de-donald-trump-5FEKBHWX3NAR3K3AJZIQEPDRHE\/\" target=\"_self\" rel=\"noopener\" title=\"https:\/\/www.lexpress.fr\/economie\/doubles-maintenus-en-sursis-le-point-sur-les-differents-droits-de-douane-de-donald-trump-5FEKBHWX3NAR3K3AJZIQEPDRHE\/\">droits de douane<\/a> qu\u2019il a menac\u00e9s d\u2019imposer aux pays europ\u00e9ens comme \u00e0 d\u2019autres dans le monde il y a plusieurs semaines. Il pourrait aussi les appliquer, faute d\u2019avanc\u00e9e dans les discussions, ont expliqu\u00e9 ces diplomates. \u00ab\u00a0La date butoir n\u2019est pas d\u00e9finitive\u00a0\u00bb, avait en tous cas fait savoir la semaine derni\u00e8re la porte-parole de la Maison-Blanche Karoline Leavitt, avant d\u2019ajouter : \u00ab\u00a0Mais c\u2019est au pr\u00e9sident de prendre cette d\u00e9cision.\u00a0\u00bb<\/p>\n<p>Les Europ\u00e9ens pr\u00eats \u00e0 un \u00ab\u00a0accord rapide\u00a0\u00bb avec Washington<\/p>\n<p class=\"paragraph article-body-paragraph article__item   \">L\u2019UE est pr\u00eate \u00e0 trouver un accord, a rappel\u00e9 jeudi la pr\u00e9sidente de la Commission europ\u00e9enne Ursula von der Leyen, soulignant \u00e9galement qu\u2019en cas d\u2019\u00e9chec des discussions, l\u2019Europe \u00e9tait pr\u00eate \u00e0 d\u00e9fendre ses int\u00e9r\u00eats. Plusieurs pays, dont l\u2019Allemagne, ont fait conna\u00eetre leur pr\u00e9f\u00e9rence pour un accord rapide, y compris s\u2019il devait impliquer des droits de douane de 10 %, \u00e0 condition que certaines industries en soient dispens\u00e9es. \u00ab\u00a0Mieux vaut une solution rapide et simple qu\u2019un r\u00e9sultat long et compliqu\u00e9, avec des n\u00e9gociations qui durent encore des mois\u00a0\u00bb, a d\u00e9clar\u00e9 jeudi le <a href=\"https:\/\/www.lexpress.fr\/monde\/europe\/droits-de-douane-lallemagne-risque-encore-deux-ans-de-recession-en-cas-descalade-A2AYXAV6HJGI5GGUPGNHLW7JGU\/\" target=\"_self\" rel=\"noopener\" title=\"https:\/\/www.lexpress.fr\/monde\/europe\/droits-de-douane-lallemagne-risque-encore-deux-ans-de-recession-en-cas-descalade-A2AYXAV6HJGI5GGUPGNHLW7JGU\/\">chancelier allemand Friedrich Merz<\/a>. \u00ab\u00a0Pour moi le bon accord, c\u2019est l\u2019accord qui est conclu le plus vite possible avec les tarifs les plus bas possibles et qui doit \u00eatre juste et ferme\u00a0\u00bb, a d\u00e9clar\u00e9 de son c\u00f4t\u00e9 Emmanuel Macron.<\/p>\n<p><strong class=\"article-body-link-list__item text-gray-800 article-body-link-list__item--one-item\">LIRE AUSSI : <a class=\"article-body-link-list__item-link\" href=\"https:\/\/www.lexpress.fr\/economie\/droits-de-douane-jusqua-45-000-emplois-menaces-en-france-par-la-guerre-commerciale-de-donald-trump-YE6PUPLSRRFRHA2AOVH3C6HFHA\/\" target=\"_blank\" rel=\"noreferrer noopener\">Droits de douane : jusqu\u2019\u00e0 45 000 emplois menac\u00e9s en France par la guerre commerciale de Donald Trump<\/a><\/strong><\/p>\n<p class=\"paragraph article-body-paragraph article__item    article__text__endpicto\">Pour l\u2019heure, l\u2019administration de Donald Trump n\u2019a d\u00e9voil\u00e9 que des accords avec le Royaume-Uni et le Vietnam, tandis que Washington et P\u00e9kin ont convenu de r\u00e9duire temporairement leurs taxes r\u00e9ciproques.<\/p>\n","protected":false},"excerpt":{"rendered":"C\u2019est une derni\u00e8re ligne droite marqu\u00e9e par un climat d\u2019incertitude. Les n\u00e9gociations commerciales entre l\u2019UE et les Etats-Unis&hellip;\n","protected":false},"author":2,"featured_media":226989,"comment_status":"","ping_status":"","sticky":false,"template":"","format":"standard","meta":{"footnotes":""},"categories":[1586],"tags":[11,782,33,1777,674,1779,1011,27,74,12,9130,25,1778,364],"class_list":{"0":"post-226988","1":"post","2":"type-post","3":"status-publish","4":"format-standard","5":"has-post-thumbnail","7":"category-europe","8":"tag-actualites","9":"tag-ameriques","10":"tag-economie","11":"tag-eu","12":"tag-europe","13":"tag-european-union","14":"tag-fr","15":"tag-france","16":"tag-monde","17":"tag-news","18":"tag-politique-economique","19":"tag-republique-francaise","20":"tag-ue","21":"tag-union-europeenne"},"share_on_mastodon":{"url":"https:\/\/pubeurope.com\/@fr\/114798043211391899","error":""},"_links":{"self":[{"href":"https:\/\/www.europesays.com\/fr\/wp-json\/wp\/v2\/posts\/226988","targetHints":{"allow":["GET"]}}],"collection":[{"href":"https:\/\/www.europesays.com\/fr\/wp-json\/wp\/v2\/posts"}],"about":[{"href":"https:\/\/www.europesays.com\/fr\/wp-json\/wp\/v2\/types\/post"}],"author":[{"embeddable":true,"href":"https:\/\/www.europesays.com\/fr\/wp-json\/wp\/v2\/users\/2"}],"replies":[{"embeddable":true,"href":"https:\/\/www.europesays.com\/fr\/wp-json\/wp\/v2\/comments?post=226988"}],"version-history":[{"count":0,"href":"https:\/\/www.europesays.com\/fr\/wp-json\/wp\/v2\/posts\/226988\/revisions"}],"wp:featuredmedia":[{"embeddable":true,"href":"https:\/\/www.europesays.com\/fr\/wp-json\/wp\/v2\/media\/226989"}],"wp:attachment":[{"href":"https:\/\/www.europesays.com\/fr\/wp-json\/wp\/v2\/media?parent=226988"}],"wp:term":[{"taxonomy":"category","embeddable":true,"href":"https:\/\/www.europesays.com\/fr\/wp-json\/wp\/v2\/categories?post=226988"},{"taxonomy":"post_tag","embeddable":true,"href":"https:\/\/www.europesays.com\/fr\/wp-json\/wp\/v2\/tags?post=226988"}],"curies":[{"name":"wp","href":"https:\/\/api.w.org\/{rel}","templated":true}]}}