{"id":226996,"date":"2025-07-05T01:36:12","date_gmt":"2025-07-05T01:36:12","guid":{"rendered":"https:\/\/www.europesays.com\/fr\/226996\/"},"modified":"2025-07-05T01:36:12","modified_gmt":"2025-07-05T01:36:12","slug":"tournee-du-xv-de-france-en-nouvelle-zelande-xv-de-france-sous-haute-surveillance-en-nouvelle-zelande-apres-le-scandale-argentin","status":"publish","type":"post","link":"https:\/\/www.europesays.com\/fr\/226996\/","title":{"rendered":"Tourn\u00e9e du XV de France en Nouvelle-Z\u00e9lande &#8211; XV de France sous haute surveillance en Nouvelle-Z\u00e9lande apr\u00e8s le scandale argentin"},"content":{"rendered":"<p>\n                Apr\u00e8s les d\u00e9bordements de l\u2019\u00e9t\u00e9 dernier en Argentine, les Fran\u00e7ais suivent d\u00e9sormais un protocole beaucoup plus strict, d\u00e9coulant d\u2019une charte sign\u00e9e par les joueurs.\n            <\/p>\n<p>Dans la droite ligne des engagements voulus par la F\u00e9d\u00e9ration et de la charte valid\u00e9e par les joueurs du XV de France depuis la tourn\u00e9e d\u2019automne 2024, le nouveau \u00ab\u00a0plan de performance\u00a0\u00bb qui entoure les Bleus est \u00e9videmment poursuivi en Nouvelle-Z\u00e9lande. C\u2019est m\u00eame l\u00e0 qu\u2019il prend tout son sens. Du moins, qu\u2019il est le plus attendu, et qu\u2019il sera scrut\u00e9 de pr\u00e8s, tant le dernier \u00e9pisode estival, en Argentine, a laiss\u00e9 des traces douloureuses. Entre les propos racistes de Melvyn Jaminet, qui le rendent toujours in\u00e9ligible \u00e0 la s\u00e9lection, et les arrestations d\u2019Oscar Jegou et Hugo Auradou (lesquels furent blanchis depuis), la r\u00e9putation du rugby tricolore avait \u00e9t\u00e9 largement \u00e9corn\u00e9e. Obligeant le pr\u00e9sident de la FFR, Florian Grill, \u00e0 op\u00e9rer un s\u00e9rieux tour de vis. Son vice-pr\u00e9sident Jean-Marc Lhermet et Fabien Galthi\u00e9 ont aussi \u00e9t\u00e9 en premi\u00e8re ligne sur ce dossier, afin d\u2019\u00e9viter tout d\u00e9bordement \u00e0 l\u2019avenir. R\u00e9cemment interrog\u00e9 sur le sujet dans ces colonnes, le s\u00e9lectionneur s\u2019est voulu affirmatif : \u00ab\u00a0Ce qu\u2019on a v\u00e9cu en Argentine a chang\u00e9 notre vie, notre fonctionnement et notre m\u00e9thode : d\u00e9sormais, on travaille m\u00eame aussi sur le programme d\u2019apr\u00e8s-match. Il faut bien vivre l\u2019\u00e9v\u00e8nement mais il faut bien vivre, aussi, ce qui suit. L\u2019image de l\u2019\u00e9quipe de France est trop importante.\u00a0\u00bb Une s\u00e9v\u00e8re restriction d\u2019alcool (qui a \u00e9t\u00e9 banni du vestiaire par exemple) et un encadrement renforc\u00e9 ont notamment \u00e9t\u00e9 d\u00e9cid\u00e9s. Cela suffira-t-il \u00e0 \u00e9viter les comportements d\u00e9viants ? Galthi\u00e9 en appelle \u00e0 la responsabilit\u00e9 de ses hommes : \u00ab\u00a0Le risque z\u00e9ro n\u2019existe pas mais dans la charte qu\u2019il a sign\u00e9e, l\u2019international fran\u00e7ais s\u2019engage \u00e0 ne pas le faire et on compte donc sur la maturit\u00e9 des gar\u00e7ons. (Il soupire) De toute fa\u00e7on, on ne peut pas leur interdire de sortir de l\u2019h\u00f4tel. Ce serait ridicule\u2026 Une tourn\u00e9e, ce n\u2019est certes pas un voyage de fin d\u2019ann\u00e9e mais c\u2019est aussi de la d\u00e9couverte, de l\u2019aventure, de l\u2019\u00e9change\u2026\u00a0\u00bb<\/p>\n<p>Les agents du Raid et Rapha\u00ebl Ibanez<\/p>\n<p>De mani\u00e8re concr\u00e8te, plusieurs \u00e9volutions sont d\u00e9j\u00e0 notables du c\u00f4t\u00e9 de la Nouvelle-Z\u00e9lande. Sur le strict plan s\u00e9curitaire, et comme lors du dernier Tournoi des 6 Nations, o\u00f9 ils \u00e9taient m\u00eame six, trois agents du Raid (Recherche, assistance, intervention, dissuasion) &#8211; qui portent un sac \u00e0 dos, comme les joueurs, et se fondent ainsi dans la masse &#8211; accompagnent quotidiennement le XV de France. \u00ab\u00a0On ne les voit pas, on les entend pas mais ils sont l\u00e0, ils veillent\u00a0\u00bb, indiquait Rapha\u00ebl Ibanez d\u00e9but mai dans Midi Olympique. Le manager, dont les pr\u00e9rogatives avaient \u00e9t\u00e9 \u00e9largies au lendemain de la derni\u00e8re Coupe du monde, qui est aussi de retour aupr\u00e8s de l\u2019\u00e9quipe nationale en d\u00e9placement dans l\u2019h\u00e9misph\u00e8re sud. Charg\u00e9 d\u2019appliquer le \u00ab\u00a0plan de performance\u00a0\u00bb et garant d\u2019un certain \u00e9tat d\u2019esprit, il fait office d\u2019encadrant de la d\u00e9l\u00e9gation bleue. Lui qui assurait aussi que ce protocole \u00ab\u00a0liste les \u00e9ventuelles sanctions en cas de sortie du cadre\u00a0\u00bb mais que \u00ab\u00a0les temps de convivialit\u00e9 existent encore en interne\u00a0\u00bb. \u00c0 la diff\u00e9rence qu\u2019ils doivent dor\u00e9navant rester beaucoup plus mesur\u00e9s. Question de moralit\u00e9, et de l\u00e9gitim\u00e9.<\/p>\n","protected":false},"excerpt":{"rendered":"Apr\u00e8s les d\u00e9bordements de l\u2019\u00e9t\u00e9 dernier en Argentine, les Fran\u00e7ais suivent d\u00e9sormais un protocole beaucoup plus strict, d\u00e9coulant&hellip;\n","protected":false},"author":2,"featured_media":226997,"comment_status":"","ping_status":"","sticky":false,"template":"","format":"standard","meta":{"footnotes":""},"categories":[1416],"tags":[1011,27,479,1468,60],"class_list":{"0":"post-226996","1":"post","2":"type-post","3":"status-publish","4":"format-standard","5":"has-post-thumbnail","7":"category-rugby","8":"tag-fr","9":"tag-france","10":"tag-rugby","11":"tag-rugby-football","12":"tag-sports"},"share_on_mastodon":{"url":"https:\/\/pubeurope.com\/@fr\/114798066625783638","error":""},"_links":{"self":[{"href":"https:\/\/www.europesays.com\/fr\/wp-json\/wp\/v2\/posts\/226996","targetHints":{"allow":["GET"]}}],"collection":[{"href":"https:\/\/www.europesays.com\/fr\/wp-json\/wp\/v2\/posts"}],"about":[{"href":"https:\/\/www.europesays.com\/fr\/wp-json\/wp\/v2\/types\/post"}],"author":[{"embeddable":true,"href":"https:\/\/www.europesays.com\/fr\/wp-json\/wp\/v2\/users\/2"}],"replies":[{"embeddable":true,"href":"https:\/\/www.europesays.com\/fr\/wp-json\/wp\/v2\/comments?post=226996"}],"version-history":[{"count":0,"href":"https:\/\/www.europesays.com\/fr\/wp-json\/wp\/v2\/posts\/226996\/revisions"}],"wp:featuredmedia":[{"embeddable":true,"href":"https:\/\/www.europesays.com\/fr\/wp-json\/wp\/v2\/media\/226997"}],"wp:attachment":[{"href":"https:\/\/www.europesays.com\/fr\/wp-json\/wp\/v2\/media?parent=226996"}],"wp:term":[{"taxonomy":"category","embeddable":true,"href":"https:\/\/www.europesays.com\/fr\/wp-json\/wp\/v2\/categories?post=226996"},{"taxonomy":"post_tag","embeddable":true,"href":"https:\/\/www.europesays.com\/fr\/wp-json\/wp\/v2\/tags?post=226996"}],"curies":[{"name":"wp","href":"https:\/\/api.w.org\/{rel}","templated":true}]}}