{"id":226998,"date":"2025-07-05T01:37:09","date_gmt":"2025-07-05T01:37:09","guid":{"rendered":"https:\/\/www.europesays.com\/fr\/226998\/"},"modified":"2025-07-05T01:37:09","modified_gmt":"2025-07-05T01:37:09","slug":"je-ne-vais-pas-jeter-mon-exploit-contre-zverev-a-la-poubelle-lance-rinderknech-apres-un-revers-contre-un-joueur-a-sa-portee","status":"publish","type":"post","link":"https:\/\/www.europesays.com\/fr\/226998\/","title":{"rendered":"\u00abJe ne vais pas jeter mon exploit contre Zverev \u00e0 la poubelle\u00bb, lance Rinderknech apr\u00e8s un revers \u00abcontre un joueur \u00e0 (sa) port\u00e9e\u00bb"},"content":{"rendered":"<p>Pour son cinqui\u00e8me jour cons\u00e9cutif sur les courts, Arthur Rinderknech, dernier Fran\u00e7ais en lice, a c\u00e9d\u00e9 face \u00e0 Kamil Majchrzak (6-3, 7-6 [4], 7-6 [6]), au troisi\u00e8me tour. Il n\u2019a pas cherch\u00e9 d\u2019excuses et a tir\u00e9 un bilan positif de son tournoi.<\/p>\n<p class=\"fig-paragraph\">Domin\u00e9 par le Polonais Kamil Majchrzak (6-3, 7-6 [4], 7-6 [6]), 109e\u00a0<a href=\"https:\/\/www.lefigaro.fr\/sports\/tennis\/atp\/classement\" target=\"_blank\" rel=\"noopener\" data-gtm-custom-categorie=\"navigation\" data-gtm-custom-action=\"crossclick\" data-gtm-custom-label=\"Contextuel\" data-gtm-event=\"customEventSPE\">au classement ATP<\/a>, le dernier des Bleus, Arthur Rinderknech, a mis en avant la performance de son adversaire, tr\u00e8s solide ce vendredi\u00a0: \u00abJ\u2019ai perdu aujourd\u2019hui, j\u2019ai tout donn\u00e9, je n\u2019ai pas beaucoup de regrets, il m\u2019a pos\u00e9 pas mal de probl\u00e8mes. Il a tr\u00e8s bien jou\u00e9 aussi. Il n\u2019a vraiment pas rat\u00e9 grand-chose. Il a un jeu compliqu\u00e9 \u00e0 lire. Il jouait de sa ligne et prenait tout en demi-rebond, comme s\u2019il jouait en indoor sur un \u00ab\u00a0greenset\u00a0\u00bb parfait\u00bb.\u00a0<\/p>\n<p class=\"fig-paragraph\">Et d\u2019ajouter\u00a0: \u00abOn n\u2019\u00e9tait pas sur les m\u00eames jauges physiques aujourd\u2019hui. Parfois il y a des matchs gagn\u00e9s par celui qui est peut-\u00eatre un peu plus fatigu\u00e9 ou qui a pass\u00e9 un peu plus de temps sur le court donc, ce n\u2019est pas une excuse du tout. Encore une fois, chapeau \u00e0 lui. Quand j\u2019ai r\u00e9ussi \u00e0 mettre en place mes frappes, il a r\u00e9ussi \u00e0 me contrer avec un revers assez bluffant, chez lui. M\u00eame en coup droit. Je pensais que son coup droit \u00e9tait un peu plus faible. Et de mon c\u00f4t\u00e9 avec la fatigue, je n\u2019ai pas r\u00e9ussi \u00e0 servir suffisamment bien. C\u2019\u00e9tait la bagarre et je suis fier de m\u2019\u00eatre battu pendant trois heures et d\u2019avoir eu quand m\u00eame balle des balles de set au 2e et au 3e. Les opportunit\u00e9s \u00e9taient l\u00e0, et il a tr\u00e8s bien jou\u00e9 sur ces points-l\u00e0 aussi.\u00bb<\/p>\n<p>Je n\u2019avais pas 100% de mes capacit\u00e9s et de ma r\u00e9activit\u00e9.<\/p>\n<p>                                    <a class=\"fig-a11y-skip a11y-hidden\" href=\"#fig-a11y-skip-main-inarticle\"><br \/>\n        Passer la publicit\u00e9<br \/>\n    <\/a><\/p>\n<p class=\"fig-paragraph\">Le Breton d\u2019adoption confessant qu\u2019il lui avait peut-\u00eatre \u00e9t\u00e9 moins lucide que lors des deux tours pr\u00e9c\u00e9dents. \u00ab\u00c0 partir du moment o\u00f9 je joue un premier tour comme celui que j\u2019ai jou\u00e9, c\u2019est extr\u00eamement compliqu\u00e9 de tout de suite rebasculer et rester dans le tournoi, \u00e9motionnellement, mentalement, note-t-il. J\u2019ai r\u00e9ussi \u00e0 le faire au deuxi\u00e8me tour, non sans mal, parce qu\u2019\u00e9videmment que c\u2019\u00e9tait tr\u00e8s compliqu\u00e9, physiquement et mentalement, mais j\u2019ai bien tenu mentalement. Aujourd\u2019hui, physiquement, j\u2019\u00e9tais pr\u00e9sent, \u00e9videmment, d\u00e8s le d\u00e9but, mais je n\u2019avais pas 100% de mes capacit\u00e9s et de ma r\u00e9activit\u00e9. Mais j\u2019avais ce qu\u2019il fallait pour \u00eatre capable de gagner le match. Mentalement, contrairement aux deux premiers tours, j\u2019ai eu un ou deux petits passages o\u00f9 je me suis agac\u00e9 et qui m\u2019ont co\u00fbt\u00e9 quelques points par-ci, par-l\u00e0.\u00a0\u00bb<\/p>\n<p class=\"fig-body-link\">\n            \u00c0 lire aussi<br \/>\n        <a class=\"fig-body-link__link\" href=\"http:\/\/www.lefigaro.fr\/sports\/tennis\/wimbledon\/wimbledon-dernier-francais-en-lice-rinderknech-elimine-au-troisieme-tour-20250704\" data-fig-type=\"NewsFlash\" data-gtm-custom-categorie=\"navigation\" data-gtm-custom-action=\"crossclick\" data-gtm-custom-label=\"Contextuel\" data-gtm-event=\"customEventSPE\" data-fig-domain=\"LEFIGARO\" target=\"_blank\" rel=\"noopener\">Wimbledon\u00a0: dernier Fran\u00e7ais en lice, Rinderknech \u00e9limin\u00e9 au troisi\u00e8me tour<br \/>\n    <\/a>\n<\/p>\n<p class=\"fig-paragraph\">\u00c0 l\u2019heure de bilan, et malgr\u00e9 l\u2019occasion en or rat\u00e9e, de disputer son premier 8e de finale en Grand Chelem \u00e0 29 ans, Rinderknech a tenu un discours tr\u00e8s positif\u00a0: \u00abIl y a plein de choses extr\u00eamement positives et je vais continuer \u00e0 construire et d\u00e9finitivement lancer ma saison. C\u2019est ma premi\u00e8re victoire sur un top 5, qui plus est en Grand Chelem. Je ne peux \u00e9videmment pas la jeter la poubelle, parce que j\u2019ai perdu au troisi\u00e8me tour, contre un joueur \u00e0 ma port\u00e9e. \u00c7a fait quatre jours de suite que je joue comme un dingue toute la journ\u00e9e. Je ne peux pas me plaindre, C\u2019\u00e9tait un superbe tournoi et j\u2019ai eu la plus belle victoire de ma carri\u00e8re, les plus belles \u00e9motions de ma carri\u00e8re.\u00bb<\/p>\n<p class=\"fig-paragraph\">La suite, ce sera si le physique tient, les deux semaines sur terre battue \u00e0 Gstaad et \u00e0 Kitzb\u00fchel. Avec ou sans\u00a0<a href=\"http:\/\/www.lefigaro.fr\/sports\/tennis\/wimbledon\/wimbledon-arthur-rinderknech-fait-sa-mue-sous-la-houlette-de-lucas-pouille-20250703\" data-fig-type=\"Article\" data-gtm-custom-categorie=\"navigation\" data-gtm-custom-action=\"crossclick\" data-gtm-custom-label=\"Contextuel\" data-gtm-event=\"customEventSPE\" data-fig-domain=\"LEFIGARO\" target=\"_blank\" rel=\"noopener\">Lucas Pouille, son coach pour la saison son gazon<\/a>\u00a0? \u00abOn va discuter tranquillement autour d\u2019un bon petit d\u00eener, ou d\u2019un petit verre de vin avec Lucas, comme on aime le faire. Mon souhait serait de prolonger l\u2019aventure tant qu\u2019il le peut.\u00bb<\/p>\n","protected":false},"excerpt":{"rendered":"Pour son cinqui\u00e8me jour cons\u00e9cutif sur les courts, Arthur Rinderknech, dernier Fran\u00e7ais en lice, a c\u00e9d\u00e9 face \u00e0&hellip;\n","protected":false},"author":2,"featured_media":226999,"comment_status":"","ping_status":"","sticky":false,"template":"","format":"standard","meta":{"footnotes":""},"categories":[1415],"tags":[1011,27,60,1467,4173],"class_list":{"0":"post-226998","1":"post","2":"type-post","3":"status-publish","4":"format-standard","5":"has-post-thumbnail","7":"category-tennis","8":"tag-fr","9":"tag-france","10":"tag-sports","11":"tag-tennis","12":"tag-wimbledon"},"share_on_mastodon":{"url":"https:\/\/pubeurope.com\/@fr\/114798070557185351","error":""},"_links":{"self":[{"href":"https:\/\/www.europesays.com\/fr\/wp-json\/wp\/v2\/posts\/226998","targetHints":{"allow":["GET"]}}],"collection":[{"href":"https:\/\/www.europesays.com\/fr\/wp-json\/wp\/v2\/posts"}],"about":[{"href":"https:\/\/www.europesays.com\/fr\/wp-json\/wp\/v2\/types\/post"}],"author":[{"embeddable":true,"href":"https:\/\/www.europesays.com\/fr\/wp-json\/wp\/v2\/users\/2"}],"replies":[{"embeddable":true,"href":"https:\/\/www.europesays.com\/fr\/wp-json\/wp\/v2\/comments?post=226998"}],"version-history":[{"count":0,"href":"https:\/\/www.europesays.com\/fr\/wp-json\/wp\/v2\/posts\/226998\/revisions"}],"wp:featuredmedia":[{"embeddable":true,"href":"https:\/\/www.europesays.com\/fr\/wp-json\/wp\/v2\/media\/226999"}],"wp:attachment":[{"href":"https:\/\/www.europesays.com\/fr\/wp-json\/wp\/v2\/media?parent=226998"}],"wp:term":[{"taxonomy":"category","embeddable":true,"href":"https:\/\/www.europesays.com\/fr\/wp-json\/wp\/v2\/categories?post=226998"},{"taxonomy":"post_tag","embeddable":true,"href":"https:\/\/www.europesays.com\/fr\/wp-json\/wp\/v2\/tags?post=226998"}],"curies":[{"name":"wp","href":"https:\/\/api.w.org\/{rel}","templated":true}]}}