{"id":227009,"date":"2025-07-05T01:44:11","date_gmt":"2025-07-05T01:44:11","guid":{"rendered":"https:\/\/www.europesays.com\/fr\/227009\/"},"modified":"2025-07-05T01:44:11","modified_gmt":"2025-07-05T01:44:11","slug":"un-geste-de-resistance-inauguration-dune-nouvelle-statue-en-hommage-au-chevalier-de-la-barre-a-abbeville-actu-fr","status":"publish","type":"post","link":"https:\/\/www.europesays.com\/fr\/227009\/","title":{"rendered":"&quot;Un geste de r\u00e9sistance&quot; : Inauguration d&#039;une nouvelle statue en hommage au Chevalier de La Barre \u00e0 Abbeville &#8211; Actu.fr"},"content":{"rendered":"<ol>\n<li><a href=\"https:\/\/news.google.com\/rss\/articles\/CBMi-gFBVV95cUxNMDdGN2V1cGkySW41RzN2Um5wN2ZOY3ZndllNOGpPWUdLZXJqOHJicGdEMkJWZWNjemZsYlJwdFVqWmFMSnZZd1B2eVVqaUNIdU9aZ3NyZ05YSmZCa2tHcXQ4RDRrUkEyWnVfMl9zX01INTlHMjltQ0UwZFZJaU5BVHlIOWQ0d2xKRmJmT1JjclVMOXJRVC0zUU13UDkyNk1zNXV5RlJ4LUg5NDVubE92dzBEQjFhaWZiaElBYXJRYUdqQkNSZUNFaE9IZkdndGF6ZlI0V1lOSWtZX2g4cGlaSUo2dTdRSlR6a1VHeUVabHpKRjFqQU5MRUh3?oc=5\" target=\"_blank\" rel=\"nofollow noopener\">\u00ab\u00a0Un geste de r\u00e9sistance\u00a0\u00bb : Inauguration d&rsquo;une nouvelle statue en hommage au Chevalier de La Barre \u00e0 Abbeville<\/a>&nbsp;&nbsp;Actu.fr<\/li>\n<li><a href=\"https:\/\/news.google.com\/rss\/articles\/CBMi1gFBVV95cUxQZHVxWU95aHR1Y3NBOFdSbWJDRHlmbzZBa3lBNWxaZzBTelJCeks2a0dRUXhuUzRTZndSN0gxejdWeEI3TmFXM25KU1NoeVV6WHpnTE9IcUZ1bG1URnRyazV4eGJDOC1nSW1SVjhXdk1BZjkxeUc4ZEt6UnFVM2s1WXZ3bURVWmViUkZLU212RF82U09ydTVlQnNNclAwMVo5VTR5WXdlZGZuNjBTZkkxRnpVUHVUZ3BVOTNFVHVuMlFCaWVwYTJ3OGZHUkwtLWhaTnpqVUFR?oc=5\" target=\"_blank\" rel=\"nofollow noopener\">Abbeville : une statue du Chevalier de la Barre offerte par les Francs Ma\u00e7ons pour d\u00e9fendre la la\u00efcit\u00e9<\/a>&nbsp;&nbsp;Courrier picard<\/li>\n<li><a href=\"https:\/\/news.google.com\/rss\/articles\/CBMieEFVX3lxTFB6UE5oZjRqeWREeTc2RFdqVTViWThHcndPTFJJSmdSMm1Pd1A0aG9MRkdJUF9xaE5nNnR4WWl1NkpnMFYtSUFIandJcHpfdG5Jb2xGbGdQMEFnNkN0WjVKMDh2aG9GYzVpN0s4Z1lRbXI2Mmc3YVN0Yw?oc=5\" target=\"_blank\" rel=\"nofollow noopener\">Une statue du Chevalier de la barre \u00e0 Abbeville<\/a>&nbsp;&nbsp;Hiram.be<\/li>\n<li><a href=\"https:\/\/news.google.com\/rss\/articles\/CBMiZkFVX3lxTE04dFQyWmE2NEloSTJ0ZXpoVFh3WkIyUGFKSFBoSkFiZjBCeUhkVnltaFFFSFBLRDdtaWdkT0R4c3ExNGl2YU5qS0tfY3FHVlFJS2RuaWdWYm0yS3JjYjRORGVRV3pEQQ?oc=5\" target=\"_blank\" rel=\"nofollow noopener\">Un vent d\u2019intol\u00e9rance ?<\/a>&nbsp;&nbsp;Aleteia<\/li>\n<li><a href=\"https:\/\/news.google.com\/rss\/articles\/CBMi6AFBVV95cUxPcHZlX3NyZmNIX0YwOXhqYktzXzFId1JZckJlNVFXNmhiMW9hbkZiYXpRSFd3cnRVSUFZS0V1cm94V0FzcFlyeVdHMEtNWEphTTNaSGwtNFZramN6ekl2UDNqdVg2aXhWdzBFOUpoSFAzalQtbnpyY3hFbTNzY1pNMUEwMzZCWDlWdC1wOFA3VlFpWWw4c1FGOVdYbEVtMzRkZUNfTVRRMUxOV20wZUpOeFlZSi1McUFnN2Voa2hHMmZ3SjU2V3lCdmN0d01QTk9hbTcwZnNJdTNsN09KRkpKdllLRGtBUWVY?oc=5\" target=\"_blank\" rel=\"nofollow noopener\">PORTRAIT : Il a le m\u00eame \u00e2ge que le chevalier de La Barre et fait vivre sa m\u00e9moire \u00e0 Abbeville<\/a>&nbsp;&nbsp;Actu.fr<\/li>\n<\/ol>\n","protected":false},"excerpt":{"rendered":"\u00ab\u00a0Un geste de r\u00e9sistance\u00a0\u00bb : Inauguration d&rsquo;une nouvelle statue en hommage au Chevalier de La Barre \u00e0 Abbeville&nbsp;&nbsp;Actu.fr&hellip;\n","protected":false},"author":2,"featured_media":1445,"comment_status":"","ping_status":"","sticky":false,"template":"","format":"standard","meta":{"footnotes":""},"categories":[1358],"tags":[1348,1384,1385,1386,58,59,1011,27],"class_list":{"0":"post-227009","1":"post","2":"type-post","3":"status-publish","4":"format-standard","5":"has-post-thumbnail","7":"category-arts-et-design","8":"tag-arts","9":"tag-arts-and-design","10":"tag-arts-et-design","11":"tag-design","12":"tag-divertissement","13":"tag-entertainment","14":"tag-fr","15":"tag-france"},"share_on_mastodon":{"url":"https:\/\/pubeurope.com\/@fr\/114798098241389439","error":""},"_links":{"self":[{"href":"https:\/\/www.europesays.com\/fr\/wp-json\/wp\/v2\/posts\/227009","targetHints":{"allow":["GET"]}}],"collection":[{"href":"https:\/\/www.europesays.com\/fr\/wp-json\/wp\/v2\/posts"}],"about":[{"href":"https:\/\/www.europesays.com\/fr\/wp-json\/wp\/v2\/types\/post"}],"author":[{"embeddable":true,"href":"https:\/\/www.europesays.com\/fr\/wp-json\/wp\/v2\/users\/2"}],"replies":[{"embeddable":true,"href":"https:\/\/www.europesays.com\/fr\/wp-json\/wp\/v2\/comments?post=227009"}],"version-history":[{"count":0,"href":"https:\/\/www.europesays.com\/fr\/wp-json\/wp\/v2\/posts\/227009\/revisions"}],"wp:featuredmedia":[{"embeddable":true,"href":"https:\/\/www.europesays.com\/fr\/wp-json\/wp\/v2\/media\/1445"}],"wp:attachment":[{"href":"https:\/\/www.europesays.com\/fr\/wp-json\/wp\/v2\/media?parent=227009"}],"wp:term":[{"taxonomy":"category","embeddable":true,"href":"https:\/\/www.europesays.com\/fr\/wp-json\/wp\/v2\/categories?post=227009"},{"taxonomy":"post_tag","embeddable":true,"href":"https:\/\/www.europesays.com\/fr\/wp-json\/wp\/v2\/tags?post=227009"}],"curies":[{"name":"wp","href":"https:\/\/api.w.org\/{rel}","templated":true}]}}