{"id":227012,"date":"2025-07-05T01:46:24","date_gmt":"2025-07-05T01:46:24","guid":{"rendered":"https:\/\/www.europesays.com\/fr\/227012\/"},"modified":"2025-07-05T01:46:24","modified_gmt":"2025-07-05T01:46:24","slug":"apres-son-depart-sasha-birdy-rayane-se-lance-dans-un-projet-avec-elisa-ezzedine-camille","status":"publish","type":"post","link":"https:\/\/www.europesays.com\/fr\/227012\/","title":{"rendered":"Apr\u00e8s son d\u00e9part, Sasha Birdy (Rayane) se lance dans un projet avec Elisa Ezzedine (Camille)"},"content":{"rendered":"<p>Sasha Birdy, l&rsquo;interpr\u00e8te de Rayane, a quitt\u00e9 Demain nous appartient, le feuilleton de TF1, dans l&rsquo;\u00e9pisode de ce jeudi 3 juillet. Et il a d\u00e9j\u00e0 un autre projet avec Elisa Ezzedine (Camille).<\/p>\n<p>Apr\u00e8s avoir <a href=\"https:\/\/www.programme-tv.net\/news\/series-tv\/382280-demain-nous-appartient-en-avance-soizic-est-liberee-francois-est-arrete-pour-le-meurtre-de-martial-lou-et-nina-sont-de-retour-le-resume-de-l-episode-1978-du-mercredi-2-juillet-2025\/\" data-api-deeplink=\"teleloisirs:\/\/news\/382280\" target=\"_blank\" rel=\"noopener\">rencontr\u00e9 sa s\u0153ur Nina<\/a> qui a <a href=\"https:\/\/www.programme-tv.net\/news\/series-tv\/382284-demain-nous-appartient-apres-quatre-ans-d-absence-nina-et-sa-mere-lou-sont-de-retour-pourquoi-la-fille-de-karim-a-t-elle-change-de-tete\/\" data-api-deeplink=\"teleloisirs:\/\/news\/382284\" target=\"_blank\" rel=\"noopener\">chang\u00e9 de visage<\/a>, <a href=\"https:\/\/www.programme-tv.net\/news\/series-tv\/380280-demain-nous-appartient-coup-de-tonnerre-sasha-birdy-rayane-va-quitter-la-serie-de-tf1\/\" data-api-deeplink=\"teleloisirs:\/\/news\/380280\" target=\"_blank\" rel=\"noopener\">Rayane (Sasha Birdy) a quitt\u00e9 S\u00e8te<\/a>, dans <a href=\"https:\/\/www.programme-tv.net\/news\/series-tv\/382421-demain-nous-appartient-en-avance-un-nouvel-element-joue-contre-francois-rayane-quitte-sete-le-resume-de-l-episode-1979-du-jeudi-3-juillet-2025\/\" data-api-deeplink=\"teleloisirs:\/\/news\/382421\" target=\"_blank\" rel=\"noopener\">l&rsquo;\u00e9pisode de ce jeudi 3\u00a0juillet 2025<\/a> de<b> Demain nous appartient <\/b>sur TF1, pour s&rsquo;installer avec son petit ami <a href=\"https:\/\/www.programme-tv.net\/news\/series-tv\/378659-jai-recu-des-menaces-de-mort-paul-gomerieux-jimmy-dans-demain-nous-appartient-se-confie-sur-son-role-dans-un-si-grand-soleil\/\" data-api-deeplink=\"teleloisirs:\/\/news\/378659\" target=\"_blank\" rel=\"noopener\">Jimmy interpr\u00e9t\u00e9 par un acteur d&rsquo;Un si grand soleil.<\/a> Karim accompagne Rayane \u00e0 la gare pour son d\u00e9part \u00e0 Paris. \u00c9mu, il lui confie sa fiert\u00e9 et son amour, tandis que Rayane le remercie pour son soutien.<\/p>\n<p>Demain nous appartient : Sasha Birdy (Rayane) vient de sortir un nouveau titre avec Elisa Ezzedine (Camille)<\/p>\n<p>Apr\u00e8s son d\u00e9part de Demain nous appartient, <b>Sasha Birdy <\/b>rebondit dans la musique avec Elisa Ezzedine, l&rsquo;interpr\u00e8te de Camille. Leur duo La d\u00e9mence a choisi la date du d\u00e9part de Sasha Birdy pour sortir le titre Mange ton ex. \u00ab\u00a0Pas besoin de th\u00e9rapie si t\u2019as de l\u2019app\u00e9tit. Mange ton ex de La D\u00e9mence est dispo partout !\u00a0\u00bb, a \u00e9crit le com\u00e9dien sur son compte Instagram suivi par plus de 55 000 abonn\u00e9s.<\/p>\n<p>                        Demain nous appartient : Elisa Ezzedine (Camille) se confie sur sa relation avec Sasha Birdy (Rayane)<\/p>\n<p>En 2023, <a href=\"https:\/\/www.programme-tv.net\/news\/series-tv\/340629-demain-nous-appartient-avec-sasha-on-est-assez-fusionnels-elisa-ezzedine-camille-se-confie-sur-sa-relation-avec-sasha-birdy-rayane\/\" data-api-deeplink=\"teleloisirs:\/\/news\/340629\" target=\"_blank\" rel=\"noopener\">Elisa Ezzedine s&rsquo;\u00e9tait confi\u00e9e sur sa complicit\u00e9 avec Sasha Birdy (Rayane)<\/a>. \u00ab\u00a0Avec Sasha, on est extr\u00eamement proches, on a une tr\u00e8s belle complicit\u00e9. Je dirais qu&rsquo;on est assez fusionnels, on se dit tout, et on s&rsquo;aide. On a les m\u00eames ambitions et la m\u00eame envie de grandir dans ce milieu\u00a0\u00bb, nous avait racont\u00e9 la jeune com\u00e9dienne. Et d&rsquo;ajouter : \u00ab\u00a0On s&rsquo;entend tr\u00e8s bien et c&rsquo;est pour \u00e7a qu&rsquo;on se voit tr\u00e8s souvent.\u00a0\u00bb<\/p>\n<p>Demain nous appartient : Elisa Ezzedine (Camille) chante avec Sasha Birdy (Rayane) depuis plusieurs ann\u00e9es<\/p>\n<p>Une telle complicit\u00e9 qui avait pouss\u00e9 les deux jeunes acteurs \u00e0 se lancer dans ce projet commun : la musique. \u00ab\u00a0Sasha est un chanteur, danseur et acteur. On chante tous les deux, on danse tous les deux. On est en train d&rsquo;enregistrer en studio une chanson ensemble actuellement. Je pense qu&rsquo;on va faire un long chemin ensemble\u00a0\u00bb, nous avait-t-elle expliqu\u00e9.<\/p>\n<blockquote class=\"instagram-media\" data-instgrm-captioned=\"\" data-instgrm-permalink=\"https:\/\/www.instagram.com\/reel\/DLrgrJZI-wZ\/?utm_source=ig_embed&amp;utm_campaign=loading\" data-instgrm-version=\"14\" style=\" background:#FFF; border:0; border-radius:3px; box-shadow:0 0 1px 0 rgba(0,0,0,0.5),0 1px 10px 0 rgba(0,0,0,0.15); margin: 1px; max-width:658px; min-width:326px; padding:0; width:99.375%; width:-webkit-calc(100% - 2px); width:calc(100% - 2px);\"\/>\n<p>        <script async src=\"\/\/www.instagram.com\/embed.js\"><\/script><\/p>\n","protected":false},"excerpt":{"rendered":"Sasha Birdy, l&rsquo;interpr\u00e8te de Rayane, a quitt\u00e9 Demain nous appartient, le feuilleton de TF1, dans l&rsquo;\u00e9pisode de ce&hellip;\n","protected":false},"author":2,"featured_media":227013,"comment_status":"","ping_status":"","sticky":false,"template":"","format":"standard","meta":{"footnotes":""},"categories":[1356],"tags":[4548,244,3598,58,36528,59,1011,27,36529,20920,252,199,1364,36530],"class_list":{"0":"post-227012","1":"post","2":"type-post","3":"status-publish","4":"format-standard","5":"has-post-thumbnail","7":"category-television","8":"tag-channel_tl-story","9":"tag-commentaire","10":"tag-demain-nous-appartient","11":"tag-divertissement","12":"tag-elisa-ezzedine","13":"tag-entertainment","14":"tag-fr","15":"tag-france","16":"tag-guid_6249389682001","17":"tag-sasha-birdy","18":"tag-television","19":"tag-tf1","20":"tag-tv","21":"tag-uuid_0dfc5b50-1505-4d5f-a611-2d3063051796"},"share_on_mastodon":{"url":"https:\/\/pubeurope.com\/@fr\/114798106038922767","error":""},"_links":{"self":[{"href":"https:\/\/www.europesays.com\/fr\/wp-json\/wp\/v2\/posts\/227012","targetHints":{"allow":["GET"]}}],"collection":[{"href":"https:\/\/www.europesays.com\/fr\/wp-json\/wp\/v2\/posts"}],"about":[{"href":"https:\/\/www.europesays.com\/fr\/wp-json\/wp\/v2\/types\/post"}],"author":[{"embeddable":true,"href":"https:\/\/www.europesays.com\/fr\/wp-json\/wp\/v2\/users\/2"}],"replies":[{"embeddable":true,"href":"https:\/\/www.europesays.com\/fr\/wp-json\/wp\/v2\/comments?post=227012"}],"version-history":[{"count":0,"href":"https:\/\/www.europesays.com\/fr\/wp-json\/wp\/v2\/posts\/227012\/revisions"}],"wp:featuredmedia":[{"embeddable":true,"href":"https:\/\/www.europesays.com\/fr\/wp-json\/wp\/v2\/media\/227013"}],"wp:attachment":[{"href":"https:\/\/www.europesays.com\/fr\/wp-json\/wp\/v2\/media?parent=227012"}],"wp:term":[{"taxonomy":"category","embeddable":true,"href":"https:\/\/www.europesays.com\/fr\/wp-json\/wp\/v2\/categories?post=227012"},{"taxonomy":"post_tag","embeddable":true,"href":"https:\/\/www.europesays.com\/fr\/wp-json\/wp\/v2\/tags?post=227012"}],"curies":[{"name":"wp","href":"https:\/\/api.w.org\/{rel}","templated":true}]}}