{"id":227018,"date":"2025-07-05T01:50:11","date_gmt":"2025-07-05T01:50:11","guid":{"rendered":"https:\/\/www.europesays.com\/fr\/227018\/"},"modified":"2025-07-05T01:50:11","modified_gmt":"2025-07-05T01:50:11","slug":"psg-luis-enrique-prevoit-un-classique-contre-le-bayern","status":"publish","type":"post","link":"https:\/\/www.europesays.com\/fr\/227018\/","title":{"rendered":"PSG, Luis Enrique pr\u00e9voit un classique contre le Bayern"},"content":{"rendered":"<p data-testid=\"article-teaser\">L\u2019entraineur du PSG, Luis Enrique, compte aligner une \u00e9quipe redoutable face au Bayern, samedi. <\/p>\n<p>Luis Enrique retrouve ses rep\u00e8res. <a href=\"https:\/\/www.goal.com\/fr\/parier-en-ligne\/psg-bayern-munich-coupe-du-monde-des-clubes-05-juillet\/blt9b49a5266ff85f34\" target=\"_self\" rel=\"noopener\">\u00c0 la veille du quart de finale du Mondial des clubs contre le Bayern Munich<\/a>, l&rsquo;entra\u00eeneur du PSG s\u2019appr\u00eate \u00e0 aligner un onze tr\u00e8s familier, <a href=\"https:\/\/www.goal.com\/fr\/listes\/desire-doue-etincelant-un-psg-hyper-realiste-ecrase-l-inter-milan-et-monte-sur-le-toit-de-l-europe-5-0\/blt2bc539db22142d1a\" target=\"_self\" rel=\"noopener\">celui-l\u00e0 m\u00eame qui a terrass\u00e9 l\u2019Inter Milan en finale de Ligue des champions (5-0).<\/a> Si tous les cadres sont op\u00e9rationnels, ce choc promet une opposition de tr\u00e8s haut niveau entre deux poids lourds du Vieux Continent.<\/p>\n<p><a href=\"https:\/\/dazn.prf.hn\/click\/camref:1011lG4NZ\/destination:https:\/\/www.dazn.com\/competition\/Competition:dc4k1xh2984zbypbnunk7ncic\" target=\"_blank\" class=\"affiliate-button\" rel=\"noopener\"><img loading=\"lazy\" decoding=\"async\" src=\"https:\/\/www.europesays.com\/fr\/wp-content\/uploads\/2025\/04\/DAZN.png\" width=\"72\" height=\"40\" alt=\"logo\" class=\"affiliate-logo\"\/>Regarder la Coupe du Monde des Clubs 2025 sur DAZN<\/p>\n<p>Regardez maintenant<\/p>\n<p><\/a>L&rsquo;article continue ci-dessous<\/p>\n","protected":false},"excerpt":{"rendered":"L\u2019entraineur du PSG, Luis Enrique, compte aligner une \u00e9quipe redoutable face au Bayern, samedi. Luis Enrique retrouve ses&hellip;\n","protected":false},"author":2,"featured_media":227019,"comment_status":"","ping_status":"","sticky":false,"template":"","format":"standard","meta":{"footnotes":""},"categories":[9],"tags":[4782,18645,28918,1011,27,921,91,36231,60],"class_list":{"0":"post-227018","1":"post","2":"type-post","3":"status-publish","4":"format-standard","5":"has-post-thumbnail","7":"category-sports","8":"tag-bayern-munich","9":"tag-coupe-du-monde-des-clubs-fifa","10":"tag-fifa-club-world-cup","11":"tag-fr","12":"tag-france","13":"tag-luis-enrique","14":"tag-paris-saint-germain","15":"tag-paris-saint-germain-vs-bayern-munich","16":"tag-sports"},"share_on_mastodon":{"url":"https:\/\/pubeurope.com\/@fr\/114798121901778877","error":""},"_links":{"self":[{"href":"https:\/\/www.europesays.com\/fr\/wp-json\/wp\/v2\/posts\/227018","targetHints":{"allow":["GET"]}}],"collection":[{"href":"https:\/\/www.europesays.com\/fr\/wp-json\/wp\/v2\/posts"}],"about":[{"href":"https:\/\/www.europesays.com\/fr\/wp-json\/wp\/v2\/types\/post"}],"author":[{"embeddable":true,"href":"https:\/\/www.europesays.com\/fr\/wp-json\/wp\/v2\/users\/2"}],"replies":[{"embeddable":true,"href":"https:\/\/www.europesays.com\/fr\/wp-json\/wp\/v2\/comments?post=227018"}],"version-history":[{"count":0,"href":"https:\/\/www.europesays.com\/fr\/wp-json\/wp\/v2\/posts\/227018\/revisions"}],"wp:featuredmedia":[{"embeddable":true,"href":"https:\/\/www.europesays.com\/fr\/wp-json\/wp\/v2\/media\/227019"}],"wp:attachment":[{"href":"https:\/\/www.europesays.com\/fr\/wp-json\/wp\/v2\/media?parent=227018"}],"wp:term":[{"taxonomy":"category","embeddable":true,"href":"https:\/\/www.europesays.com\/fr\/wp-json\/wp\/v2\/categories?post=227018"},{"taxonomy":"post_tag","embeddable":true,"href":"https:\/\/www.europesays.com\/fr\/wp-json\/wp\/v2\/tags?post=227018"}],"curies":[{"name":"wp","href":"https:\/\/api.w.org\/{rel}","templated":true}]}}