{"id":227026,"date":"2025-07-05T01:54:09","date_gmt":"2025-07-05T01:54:09","guid":{"rendered":"https:\/\/www.europesays.com\/fr\/227026\/"},"modified":"2025-07-05T01:54:09","modified_gmt":"2025-07-05T01:54:09","slug":"donald-trump-promulgue-sa-loi-budgetaire-xxl-pour-la-fete-nationale","status":"publish","type":"post","link":"https:\/\/www.europesays.com\/fr\/227026\/","title":{"rendered":"Donald Trump promulgue sa loi budg\u00e9taire XXL pour la f\u00eate nationale"},"content":{"rendered":"<p>L\u2019adoption du projet de loi est le dernier d\u2019une s\u00e9rie de succ\u00e8s politiques pour Donald Trump ces derni\u00e8res semaines, entre cessez-le-feu entre l\u2019Iran et Isra\u00ebl, accord sur les d\u00e9penses de l\u2019Otan et d\u00e9cision de la Cour supr\u00eame favorable \u00e0 l\u2019ex\u00e9cutif.<\/p>\n<p class=\"fig-paragraph\">Le\u00a0<a href=\"http:\/\/www.lefigaro.fr\/international\/trump-et-netanyahou-esperent-capitaliser-sur-leur-succes-en-iran-pour-changer-la-donne-au-moyen-orient-20250704\" target=\"_blank\" data-fig-type=\"Article\" rel=\"noopener\" data-gtm-custom-categorie=\"navigation\" data-gtm-custom-action=\"crossclick\" data-gtm-custom-label=\"Contextuel\" data-gtm-event=\"customEventSPE\" data-fig-domain=\"LEFIGARO\">pr\u00e9sident am\u00e9ricain Donald Trump<\/a>\u00a0a promulgu\u00e9 vendredi en fanfare sa loi budg\u00e9taire \u00e0 l\u2019occasion de la f\u00eate nationale, lors d\u2019une c\u00e9r\u00e9monie marqu\u00e9e par une parade a\u00e9rienne de bombardiers furtifs B-2, l\u2019avion utilis\u00e9 lors des raids sur l\u2019Iran. \u00abNous entrons dans l\u2019\u00e2ge d\u2019or de l\u2019Am\u00e9rique\u00bb, a affirm\u00e9 Donald Trump lors d\u2019une allocution d\u2019une vingtaine de minutes \u00e0 la Maison-Blanche avant de signer sa \u00abgrande et belle loi\u00bb, comme il l\u2019a baptis\u00e9e, entour\u00e9 d\u2019\u00e9lus r\u00e9publicains dont le soutien a \u00e9t\u00e9 crucial pour arracher le vote du texte au Congr\u00e8s.<\/p>\n<p class=\"fig-paragraph\">Il avait fait pression pour y parvenir avant le 4 juillet, 249e anniversaire de l\u2019ind\u00e9pendance des \u00c9tats-Unis vis-\u00e0-vis de la Couronne britannique. La loi a \u00e9t\u00e9 d\u00e9finitivement vot\u00e9e jeudi, juste \u00e0 temps, un succ\u00e8s que le pr\u00e9sident r\u00e9publicain de 79 ans a qualifi\u00e9 de \u00abplus grande victoire\u00bb depuis le d\u00e9but de son mandat le 20 janvier.<\/p>\n<p>                                    <a class=\"fig-a11y-skip a11y-hidden\" href=\"#fig-a11y-skip-main-inarticle\"><br \/>\n        Passer la publicit\u00e9<br \/>\n    <\/a><\/p>\n<p>S\u00e9rie de succ\u00e8s politiques<\/p>\n<p class=\"fig-paragraph\">Il a n\u00e9anmoins \u00e9gren\u00e9 avec une satisfaction manifeste sa s\u00e9rie de succ\u00e8s politiques, ces derni\u00e8res semaines, entre cessez-le-feu entre l\u2019Iran et Isra\u00ebl apr\u00e8s des frappes am\u00e9ricaines sur des sites nucl\u00e9aires iraniens, accord sur les d\u00e9penses de l\u2019Otan, et d\u00e9cision de la Cour supr\u00eame favorable \u00e0 l\u2019ex\u00e9cutif face au pouvoir judiciaire. Deux\u00a0<a href=\"http:\/\/www.lefigaro.fr\/international\/siestes-toilettes-amphetamines-les-conditions-spartiates-des-pilotes-de-b-2-lors-de-leur-mission-en-iran-20250625\" target=\"_blank\" data-fig-type=\"Article\" rel=\"noopener\" data-gtm-custom-categorie=\"navigation\" data-gtm-custom-action=\"crossclick\" data-gtm-custom-label=\"Contextuel\" data-gtm-event=\"customEventSPE\" data-fig-domain=\"LEFIGARO\">B-2, le type d\u2019avion qui a bombard\u00e9 les installations nucl\u00e9aires iraniennes<\/a>\u00a0le 22 juin, et des avions de chasse ont survol\u00e9 la Maison Blanche pour l\u2019occasion, tandis que certains pilotes ayant particip\u00e9 \u00e0 l\u2019op\u00e9ration assistaient \u00e0 la c\u00e9r\u00e9monie, qui devait se terminer dans la soir\u00e9e par des feux d\u2019artifice.<\/p>\n<p class=\"fig-paragraph\">L\u2019adoption de cette loi confirme aussi l\u2019emprise de Donald Trump sur le parti r\u00e9publicain et, pour l\u2019heure, sur la politique am\u00e9ricaine en g\u00e9n\u00e9ral, malgr\u00e9 des doutes au sein de son camp et\u00a0<a href=\"http:\/\/www.lefigaro.fr\/flash-actu\/nous-devrions-peut-etre-mettre-le-doge-sur-elon-quand-trump-tance-musk-apres-son-opposition-au-grand-projet-de-loi-budgetaire-20250701\" target=\"_blank\" data-fig-type=\"NewsFlash\" rel=\"noopener\" data-gtm-custom-categorie=\"navigation\" data-gtm-custom-action=\"crossclick\" data-gtm-custom-label=\"Contextuel\" data-gtm-event=\"customEventSPE\" data-fig-domain=\"LEFIGARO\">l\u2019opposition bruyante de son ancien alli\u00e9, le multimilliardaire Elon Musk<\/a>. Apr\u00e8s le S\u00e9nat, qui l\u2019avait approuv\u00e9 mardi de justesse, la Chambre des repr\u00e9sentants a adopt\u00e9 d\u00e9finitivement ce texte par 218 voix contre 214, un vote tr\u00e8s serr\u00e9, pr\u00e9c\u00e9d\u00e9 de multiples pressions et tractations.<\/p>\n<p>\u00abRendre ce pays meilleur\u00bb<\/p>\n<p class=\"fig-paragraph\">La loi budg\u00e9taire tentaculaire honore bon nombre des promesses de campagne de Donald Trump\u00a0: augmentation des d\u00e9penses militaires, financement d\u2019une campagne d\u2019expulsion massive de migrants et engagement de 4500 milliards de dollars pour prolonger les cr\u00e9dits d\u2019imp\u00f4t accord\u00e9s lors de son premier mandat. Pour compenser l\u2019aggravation de la dette publique, la nouvelle loi r\u00e9duira le programme f\u00e9d\u00e9ral d\u2019aide alimentaire et imposera d\u2019importantes coupes au\u00a0<a href=\"http:\/\/www.lefigaro.fr\/conjoncture\/compte-epargne-trump-et-credits-d-impots-ce-que-contient-le-mega-projet-budgetaire-adopte-par-le-congres-americain-20250523\" target=\"_blank\" data-fig-type=\"NewsFlash\" rel=\"noopener\" data-gtm-custom-categorie=\"navigation\" data-gtm-custom-action=\"crossclick\" data-gtm-custom-label=\"Contextuel\" data-gtm-event=\"customEventSPE\" data-fig-domain=\"LEFIGARO\">Medicaid<\/a>, r\u00e9gime d\u2019assurance sant\u00e9 pour les Am\u00e9ricains \u00e0 revenus modestes, les plus importantes depuis son lancement dans les ann\u00e9es 1960.<\/p>\n<p class=\"fig-paragraph\">Selon certaines estimations, jusqu\u2019\u00e0 17 millions de personnes pourraient perdre leur couverture d\u2019assurance sant\u00e9 et des dizaines d\u2019h\u00f4pitaux ruraux pourraient fermer leurs portes. \u00abIl y a des fonds sp\u00e9ciaux pour garantir la couverture m\u00e9dicale en zone rurale\u00bb, a assur\u00e9 sur Fox News le principal conseiller \u00e9conomique du pr\u00e9sident, Kevin Hassett, affirmant que la loi budg\u00e9taire permettrait de lutter contre \u00able gaspillage, la fraude et les abus\u00bb au sein du r\u00e9gime Medicaid.<\/p>\n<p class=\"fig-paragraph\">Les d\u00e9mocrates esp\u00e8rent que le m\u00e9contentement provoqu\u00e9 par les retomb\u00e9es de la loi budg\u00e9taire les aidera \u00e0 conqu\u00e9rir la majorit\u00e9 \u00e0 la Chambre des repr\u00e9sentants aux \u00e9lections de mi-mandat de 2026. Il s\u2019agira pour eux de montrer qu\u2019il s\u2019agit d\u2019une \u00e9norme redistribution de richesses des Am\u00e9ricains les plus pauvres vers les plus riches.<\/p>\n","protected":false},"excerpt":{"rendered":"L\u2019adoption du projet de loi est le dernier d\u2019une s\u00e9rie de succ\u00e8s politiques pour Donald Trump ces derni\u00e8res&hellip;\n","protected":false},"author":2,"featured_media":227027,"comment_status":"","ping_status":"","sticky":false,"template":"","format":"standard","meta":{"footnotes":""},"categories":[5],"tags":[11,75,36535,1011,27,14,12,28],"class_list":{"0":"post-227026","1":"post","2":"type-post","3":"status-publish","4":"format-standard","5":"has-post-thumbnail","7":"category-international","8":"tag-actualites","9":"tag-donald-trump","10":"tag-economie-americaine","11":"tag-fr","12":"tag-france","13":"tag-international","14":"tag-news","15":"tag-world"},"share_on_mastodon":{"url":"https:\/\/pubeurope.com\/@fr\/114798137587717506","error":""},"_links":{"self":[{"href":"https:\/\/www.europesays.com\/fr\/wp-json\/wp\/v2\/posts\/227026","targetHints":{"allow":["GET"]}}],"collection":[{"href":"https:\/\/www.europesays.com\/fr\/wp-json\/wp\/v2\/posts"}],"about":[{"href":"https:\/\/www.europesays.com\/fr\/wp-json\/wp\/v2\/types\/post"}],"author":[{"embeddable":true,"href":"https:\/\/www.europesays.com\/fr\/wp-json\/wp\/v2\/users\/2"}],"replies":[{"embeddable":true,"href":"https:\/\/www.europesays.com\/fr\/wp-json\/wp\/v2\/comments?post=227026"}],"version-history":[{"count":0,"href":"https:\/\/www.europesays.com\/fr\/wp-json\/wp\/v2\/posts\/227026\/revisions"}],"wp:featuredmedia":[{"embeddable":true,"href":"https:\/\/www.europesays.com\/fr\/wp-json\/wp\/v2\/media\/227027"}],"wp:attachment":[{"href":"https:\/\/www.europesays.com\/fr\/wp-json\/wp\/v2\/media?parent=227026"}],"wp:term":[{"taxonomy":"category","embeddable":true,"href":"https:\/\/www.europesays.com\/fr\/wp-json\/wp\/v2\/categories?post=227026"},{"taxonomy":"post_tag","embeddable":true,"href":"https:\/\/www.europesays.com\/fr\/wp-json\/wp\/v2\/tags?post=227026"}],"curies":[{"name":"wp","href":"https:\/\/api.w.org\/{rel}","templated":true}]}}