{"id":227028,"date":"2025-07-05T01:55:12","date_gmt":"2025-07-05T01:55:12","guid":{"rendered":"https:\/\/www.europesays.com\/fr\/227028\/"},"modified":"2025-07-05T01:55:12","modified_gmt":"2025-07-05T01:55:12","slug":"plusieurs-centaines-dopposants-au-projet-reunis-dans-le-tarn-sous-etroite-surveillance","status":"publish","type":"post","link":"https:\/\/www.europesays.com\/fr\/227028\/","title":{"rendered":"Plusieurs centaines d\u2019opposants au projet r\u00e9unis dans le Tarn sous \u00e9troite surveillance"},"content":{"rendered":"<p>Tentes, cantines et banderoles\u2026 Plusieurs centaines d\u2019opposants \u00e0 <a href=\"https:\/\/www.20minutes.fr\/societe\/projet-autoroute-a69\/\" class=\"color-ultramarine c-link\" target=\"_blank\" rel=\"noopener\">l\u2019autoroute A69<\/a> \u00e9taient r\u00e9unies dans le calme vendredi en fin d\u2019apr\u00e8s-midi dans le <a href=\"https:\/\/www.20minutes.fr\/toulouse\/tarn\/\" class=\"color-ultramarine c-link\" target=\"_blank\" rel=\"noopener\">Tarn<\/a>, sur le site d\u2019un ch\u00e2teau d\u00e9labr\u00e9 tout proche du trac\u00e9, o\u00f9 une assembl\u00e9e g\u00e9n\u00e9rale devait d\u00e9cider de la suite de la mobilisation, ont constat\u00e9 des journalistes de l\u2019AFP.<\/p>\n<p>En voiture ou \u00e0 pied, avec sacs \u00e0 dos, tentes et sacs de couchage, les militants oppos\u00e9s \u00e0 l\u2019autoroute Castres-<a href=\"https:\/\/www.20minutes.fr\/toulouse\/\" class=\"color-ultramarine c-link\" target=\"_blank\" rel=\"noopener\">Toulouse <\/a>arrivaient par petits groupes dans le parc du ch\u00e2teau de Scopont, une b\u00e2tisse s\u00e9culaire en mauvais \u00e9tat, cern\u00e9e de deux tours pointues, o\u00f9 le propri\u00e9taire leur a accord\u00e9 le droit de s\u2019installer le temps de la Turboteuf, week-end de mobilisation contre l&rsquo;A69.<\/p>\n<p>L&rsquo;A69 \u00ab\u00a0est toujours ill\u00e9gale\u00a0\u00bb<\/p>\n<p>\u00ab\u00a0Le ch\u00e2teau de Scopont nous a accueillis \u00e0 partir de [jeudi] pour commencer \u00e0 d\u00e9ployer le camp, donc il y a des bars, des chapiteaux pour faire la f\u00eate, des cantines pour continuer \u00e0 s\u2019opposer \u00e0 l\u2019autoroute\u00a0\u00bb, a expliqu\u00e9 Martin, un des organisateurs du week-end. L&rsquo;A69 \u00ab\u00a0est toujours ill\u00e9gale, elle a \u00e9t\u00e9 d\u00e9clar\u00e9e ill\u00e9gale par la d\u00e9cision du tribunal administratif du 27\u00a0f\u00e9vrier et elle sera toujours jusqu\u2019\u00e0 l\u2019appel en novembre\u00a0\u00bb, a-t-il dit, \u00e9voquant la pr\u00e9sence d\u2019environ 300 personnes vers 16 heures.<\/p>\n<p>Aux abords du parc du ch\u00e2teau, des forces de l\u2019ordre \u00e9taient d\u00e9ploy\u00e9es, notamment \u00e0 quelques centaines de m\u00e8tres, sur une base d\u2019Atosca, futur concessionnaire de l\u2019autoroute et ma\u00eetre d\u2019\u0153uvre des travaux, o\u00f9 sont gar\u00e9s une dizaine d\u2019engins du chantier, tandis qu\u2019un h\u00e9licopt\u00e8re de la gendarmerie survolait le p\u00e9rim\u00e8tre par intermittence. A l\u2019entr\u00e9e du parc, des gendarmes effectuaient des contr\u00f4les de v\u00e9hicules, ce qui a sporadiquement suscit\u00e9 des tensions avec les militants d\u00e9j\u00e0 pr\u00e9sents, souvent masqu\u00e9s, mais sans affrontement.<\/p>\n<\/p>\n<p>Arriver \u00e0 un \u00ab\u00a0consensus sur les modalit\u00e9s d\u2019action\u00a0\u00bb<\/p>\n<p>Sous un grand chapiteau blanc et rouge \u00e0 l\u2019entr\u00e9e du site qui arborait une banderole avec le message \u00ab\u00a0Stop l&rsquo;A69 et son monde\u00a0\u00bb, une assembl\u00e9e g\u00e9n\u00e9rale discutait des prochaines \u00e9tapes de la mobilisation et de l\u2019organisation du rassemblement. \u00ab\u00a0L\u2019objectif c\u2019est d\u2019arriver \u00e0 un consensus sur la suite des modalit\u00e9s d\u2019action pour ce week-end et pour l\u2019avenir de cette lutte\u00a0\u00bb, a affirm\u00e9 Arthur Grimon, membre des Soul\u00e8vements de la Terre.<\/p>\n<p>\u00ab\u00a0L\u2019organisation n\u2019a pas pr\u00e9vu de surprise, il n\u2019y a pas de manifestation, contrairement \u00e0 ce que dit la pr\u00e9fecture avec son r\u00e9cit r\u00e9pressif qui met en avant le fait que nous serions des gens violents, venus pour casser, d\u00e9truire ou taper la police\u00a0\u00bb, a compl\u00e9t\u00e9 le jeune homme. Dans le programme diffus\u00e9 sur <a href=\"https:\/\/www.20minutes.fr\/high-tech\/telegram\/\" class=\"color-ultramarine c-link\" target=\"_blank\" rel=\"noopener\">Telegram<\/a>, les organisateurs de l\u2019\u00e9v\u00e8nement pr\u00e9voient un rassemblement samedi sur le site du ch\u00e2teau \u00e0 14 heures.<\/p>\n","protected":false},"excerpt":{"rendered":"Tentes, cantines et banderoles\u2026 Plusieurs centaines d\u2019opposants \u00e0 l\u2019autoroute A69 \u00e9taient r\u00e9unies dans le calme vendredi en fin&hellip;\n","protected":false},"author":2,"featured_media":227029,"comment_status":"","ping_status":"","sticky":false,"template":"","format":"standard","meta":{"footnotes":""},"categories":[4],"tags":[47,11,1011,27,2722,2721,10234,12,2680,8411,25,104,8412,2312],"class_list":{"0":"post-227028","1":"post","2":"type-post","3":"status-publish","4":"format-standard","5":"has-post-thumbnail","7":"category-france","8":"tag-actualite","9":"tag-actualites","10":"tag-fr","11":"tag-france","12":"tag-haute-garonne","13":"tag-midi-pyrenees","14":"tag-mobilisation","15":"tag-news","16":"tag-occitanie","17":"tag-projet-dautoroute-a69","18":"tag-republique-francaise","19":"tag-societe","20":"tag-tarn","21":"tag-toulouse"},"share_on_mastodon":{"url":"https:\/\/pubeurope.com\/@fr\/114798141547395504","error":""},"_links":{"self":[{"href":"https:\/\/www.europesays.com\/fr\/wp-json\/wp\/v2\/posts\/227028","targetHints":{"allow":["GET"]}}],"collection":[{"href":"https:\/\/www.europesays.com\/fr\/wp-json\/wp\/v2\/posts"}],"about":[{"href":"https:\/\/www.europesays.com\/fr\/wp-json\/wp\/v2\/types\/post"}],"author":[{"embeddable":true,"href":"https:\/\/www.europesays.com\/fr\/wp-json\/wp\/v2\/users\/2"}],"replies":[{"embeddable":true,"href":"https:\/\/www.europesays.com\/fr\/wp-json\/wp\/v2\/comments?post=227028"}],"version-history":[{"count":0,"href":"https:\/\/www.europesays.com\/fr\/wp-json\/wp\/v2\/posts\/227028\/revisions"}],"wp:featuredmedia":[{"embeddable":true,"href":"https:\/\/www.europesays.com\/fr\/wp-json\/wp\/v2\/media\/227029"}],"wp:attachment":[{"href":"https:\/\/www.europesays.com\/fr\/wp-json\/wp\/v2\/media?parent=227028"}],"wp:term":[{"taxonomy":"category","embeddable":true,"href":"https:\/\/www.europesays.com\/fr\/wp-json\/wp\/v2\/categories?post=227028"},{"taxonomy":"post_tag","embeddable":true,"href":"https:\/\/www.europesays.com\/fr\/wp-json\/wp\/v2\/tags?post=227028"}],"curies":[{"name":"wp","href":"https:\/\/api.w.org\/{rel}","templated":true}]}}