{"id":227030,"date":"2025-07-05T01:56:17","date_gmt":"2025-07-05T01:56:17","guid":{"rendered":"https:\/\/www.europesays.com\/fr\/227030\/"},"modified":"2025-07-05T01:56:17","modified_gmt":"2025-07-05T01:56:17","slug":"le-candidat-de-8-ans-qui-avait-tant-fait-parler-de-lui-ne-sest-finalement-pas-presente","status":"publish","type":"post","link":"https:\/\/www.europesays.com\/fr\/227030\/","title":{"rendered":"Le candidat de 8 ans qui avait tant fait parler de lui ne s\u2019est finalement pas pr\u00e9sent\u00e9"},"content":{"rendered":"<p>C\u2019\u00e9tait le plus jeune candidat jamais enregistr\u00e9 au <a href=\"https:\/\/www.20minutes.fr\/dossier\/bac\" class=\"color-ultramarine c-link\" rel=\"nofollow noopener\" target=\"_blank\">bac<\/a>. Mais finalement, cet enfant de 8 ans ne s\u2019est jamais pr\u00e9sent\u00e9 aux \u00e9preuves. \u00ab\u00a0Il y a bien un candidat de 8 ans inscrit aux \u00e9preuves, il ne s\u2019est pas pr\u00e9sent\u00e9\u00a0\u00bb, a indiqu\u00e9 ce vendredi le <a href=\"https:\/\/www.20minutes.fr\/dossier\/ministere_de_l_education_nationale\" class=\"color-ultramarine c-link\" rel=\"nofollow noopener\" target=\"_blank\">minist\u00e8re de l\u2019Education<\/a>, confirmant une information du Parisien.<\/p>\n<p>Le minist\u00e8re avait annonc\u00e9 d\u00e9but juin qu\u2019un ou une candidate de 8 ans \u2013 le genre ou l\u2019acad\u00e9mie dont d\u00e9pend l\u2019\u00e9l\u00e8ve n\u2019avaient pas \u00e9t\u00e9 pr\u00e9cis\u00e9s \u2013 s\u2019\u00e9tait inscrit au baccalaur\u00e9at g\u00e9n\u00e9ral et technologique, nouveau record dans l\u2019histoire de cet examen.<\/p>\n<p>Un taux de r\u00e9ussite de 85,75\u00a0%<\/p>\n<p>La directrice g\u00e9n\u00e9rale de l\u2019enseignement scolaire (Dgesco), Caroline Pascal, avait insist\u00e9 lors d\u2019une conf\u00e9rence de presse sur le fait que les tr\u00e8s jeunes aspirants bacheliers font figure \u00ab\u00a0d\u2019exception\u00a0\u00bb, les <a href=\"https:\/\/www.20minutes.fr\/societe\/eleves\/\" class=\"color-ultramarine c-link\" rel=\"nofollow noopener\" target=\"_blank\">\u00e9l\u00e8ves <\/a>de terminale \u00e9tant plus g\u00e9n\u00e9ralement \u00e2g\u00e9s de 17 ou 18 ans.<\/p>\n<\/p>\n<p>Les plus de 709.000 candidats au baccalaur\u00e9at qui se sont pr\u00e9sent\u00e9s aux \u00e9preuves \u00e9crites et orales ont re\u00e7u vendredi leurs r\u00e9sultats, avec un <a href=\"https:\/\/www.20minutes.fr\/societe\/4161978-20250704-bac-2025-taux-reussite-provisoire-eleve-85-75\" class=\"color-ultramarine c-link\" rel=\"nofollow noopener\" target=\"_blank\">taux de r\u00e9ussite provisoire de 85,75\u00a0%<\/a>, avant le rattrapage, selon les chiffres du minist\u00e8re.<\/p>\n","protected":false},"excerpt":{"rendered":"C\u2019\u00e9tait le plus jeune candidat jamais enregistr\u00e9 au bac. Mais finalement, cet enfant de 8 ans ne s\u2019est&hellip;\n","protected":false},"author":2,"featured_media":227031,"comment_status":"","ping_status":"","sticky":false,"template":"","format":"standard","meta":{"footnotes":""},"categories":[2],"tags":[47,11,31761,1057,1126,1011,27,2633,16446,12,104],"class_list":{"0":"post-227030","1":"post","2":"type-post","3":"status-publish","4":"format-standard","5":"has-post-thumbnail","7":"category-actualites","8":"tag-actualite","9":"tag-actualites","10":"tag-bac-baccalaureat","11":"tag-education","12":"tag-education-nationale","13":"tag-fr","14":"tag-france","15":"tag-lycee","16":"tag-lyceen","17":"tag-news","18":"tag-societe"},"share_on_mastodon":{"url":"https:\/\/pubeurope.com\/@fr\/114798145291775155","error":""},"_links":{"self":[{"href":"https:\/\/www.europesays.com\/fr\/wp-json\/wp\/v2\/posts\/227030","targetHints":{"allow":["GET"]}}],"collection":[{"href":"https:\/\/www.europesays.com\/fr\/wp-json\/wp\/v2\/posts"}],"about":[{"href":"https:\/\/www.europesays.com\/fr\/wp-json\/wp\/v2\/types\/post"}],"author":[{"embeddable":true,"href":"https:\/\/www.europesays.com\/fr\/wp-json\/wp\/v2\/users\/2"}],"replies":[{"embeddable":true,"href":"https:\/\/www.europesays.com\/fr\/wp-json\/wp\/v2\/comments?post=227030"}],"version-history":[{"count":0,"href":"https:\/\/www.europesays.com\/fr\/wp-json\/wp\/v2\/posts\/227030\/revisions"}],"wp:featuredmedia":[{"embeddable":true,"href":"https:\/\/www.europesays.com\/fr\/wp-json\/wp\/v2\/media\/227031"}],"wp:attachment":[{"href":"https:\/\/www.europesays.com\/fr\/wp-json\/wp\/v2\/media?parent=227030"}],"wp:term":[{"taxonomy":"category","embeddable":true,"href":"https:\/\/www.europesays.com\/fr\/wp-json\/wp\/v2\/categories?post=227030"},{"taxonomy":"post_tag","embeddable":true,"href":"https:\/\/www.europesays.com\/fr\/wp-json\/wp\/v2\/tags?post=227030"}],"curies":[{"name":"wp","href":"https:\/\/api.w.org\/{rel}","templated":true}]}}