{"id":227032,"date":"2025-07-05T01:57:17","date_gmt":"2025-07-05T01:57:17","guid":{"rendered":"https:\/\/www.europesays.com\/fr\/227032\/"},"modified":"2025-07-05T01:57:17","modified_gmt":"2025-07-05T01:57:17","slug":"des-conferences-le-9-juillet-au-chu-de-saint-etienne","status":"publish","type":"post","link":"https:\/\/www.europesays.com\/fr\/227032\/","title":{"rendered":"des conf\u00e9rences le 9 juillet au CHU de Saint-\u00c9tienne"},"content":{"rendered":"<p>Le CHU de Saint-\u00c9tienne organise une conf\u00e9rence ouverte au public sur le th\u00e8me des cancers du sang, le mercredi 9\u00a0juillet, \u00e0 17\u00a0h\u00a015 au centre Hyg\u00e9e (site nord).<\/p>\n<p>Cette rencontre vise \u00e0 sensibiliser le grand public aux enjeux des maladies h\u00e9matologiques et au r\u00f4le essentiel du don dans le parcours de soins.<\/p>\n<p>Prise en charge de la leuc\u00e9mie, onco-h\u00e9matologie et don<\/p>\n<p>\u00c0 17\u00a0h\u00a030, conf\u00e9rence sur \u00ab\u00a0la prise en charge de la leuc\u00e9mie en 2025\u00a0\u00bb, par le Pr J\u00e9r\u00f4me Cornillon, chef du p\u00f4le M\u00e9decines et Canc\u00e9rologie au CHU de Saint-\u00c9tienne. Une autre conf\u00e9rence \u00ab\u00a0De l\u2019autre c\u00f4t\u00e9 des portes de l\u2019onco-h\u00e9matologie p\u00e9diatrique\u00a0\u00bb par le Dr Marina Gouttenoire et Olivier Astor du service d\u2019onco-h\u00e9matologie p\u00e9diatrique du CHU de Saint-\u00c9tienne est aussi organis\u00e9e.<\/p>\n<p>\u00c0 18\u00a0h\u00a015 \u00a0: \u00ab\u00a0Du don aux patients\u00a0\u00bb avec Carole Jurine, charg\u00e9e de communication \u00e0 l&rsquo;\u00c9tablissement fran\u00e7ais du sang.\u00a0\u00c0 18\u00a0h\u00a030 aura lieu la pr\u00e9sentation de l\u2019association Sang Miles Bornes et du projet Loire \u00e0 V\u00e9lo.<\/p>\n<p class=\"note\">Entr\u00e9e libre.<\/p>\n","protected":false},"excerpt":{"rendered":"Le CHU de Saint-\u00c9tienne organise une conf\u00e9rence ouverte au public sur le th\u00e8me des cancers du sang, le&hellip;\n","protected":false},"author":2,"featured_media":227033,"comment_status":"","ping_status":"","sticky":false,"template":"","format":"standard","meta":{"footnotes":""},"categories":[9653],"tags":[1111,11,2430,7539,1777,674,1011,27,3367,12,25,4001,7538,71],"class_list":{"0":"post-227032","1":"post","2":"type-post","3":"status-publish","4":"format-standard","5":"has-post-thumbnail","7":"category-saint-etienne","8":"tag-actu","9":"tag-actualites","10":"tag-auvergne-rhone-alpes","11":"tag-edition-loire-sud","12":"tag-eu","13":"tag-europe","14":"tag-fr","15":"tag-france","16":"tag-loire","17":"tag-news","18":"tag-republique-francaise","19":"tag-saint-etienne","20":"tag-saint-etienne-ville","21":"tag-sante"},"share_on_mastodon":{"url":"https:\/\/pubeurope.com\/@fr\/114798149203429071","error":""},"_links":{"self":[{"href":"https:\/\/www.europesays.com\/fr\/wp-json\/wp\/v2\/posts\/227032","targetHints":{"allow":["GET"]}}],"collection":[{"href":"https:\/\/www.europesays.com\/fr\/wp-json\/wp\/v2\/posts"}],"about":[{"href":"https:\/\/www.europesays.com\/fr\/wp-json\/wp\/v2\/types\/post"}],"author":[{"embeddable":true,"href":"https:\/\/www.europesays.com\/fr\/wp-json\/wp\/v2\/users\/2"}],"replies":[{"embeddable":true,"href":"https:\/\/www.europesays.com\/fr\/wp-json\/wp\/v2\/comments?post=227032"}],"version-history":[{"count":0,"href":"https:\/\/www.europesays.com\/fr\/wp-json\/wp\/v2\/posts\/227032\/revisions"}],"wp:featuredmedia":[{"embeddable":true,"href":"https:\/\/www.europesays.com\/fr\/wp-json\/wp\/v2\/media\/227033"}],"wp:attachment":[{"href":"https:\/\/www.europesays.com\/fr\/wp-json\/wp\/v2\/media?parent=227032"}],"wp:term":[{"taxonomy":"category","embeddable":true,"href":"https:\/\/www.europesays.com\/fr\/wp-json\/wp\/v2\/categories?post=227032"},{"taxonomy":"post_tag","embeddable":true,"href":"https:\/\/www.europesays.com\/fr\/wp-json\/wp\/v2\/tags?post=227032"}],"curies":[{"name":"wp","href":"https:\/\/api.w.org\/{rel}","templated":true}]}}