{"id":227034,"date":"2025-07-05T01:58:27","date_gmt":"2025-07-05T01:58:27","guid":{"rendered":"https:\/\/www.europesays.com\/fr\/227034\/"},"modified":"2025-07-05T01:58:27","modified_gmt":"2025-07-05T01:58:27","slug":"maj-accident-sur-la-rn88-pres-de-saint-etienne-un-homme-est-mort-4","status":"publish","type":"post","link":"https:\/\/www.europesays.com\/fr\/227034\/","title":{"rendered":"[MAJ] Accident sur la RN88 pr\u00e8s de Saint-\u00c9tienne : un homme est mort"},"content":{"rendered":"<p>La RN88 a \u00e9t\u00e9 coup\u00e9e ce jeudi apr\u00e8s-midi dans le sens Saint-\u00c9tienne \/ Le Puy-en-Velay \u00e0 hauteur du Chambon-Feugerolles. Un accident mortel est survenu dans le secteur.<\/p>\n<p>Mise \u00e0 jour \u00e0 18h<\/p>\n<p>Selon nos confr\u00e8res du Progr\u00e8s, l&rsquo;homme de 25 ans qui \u00e9tait gri\u00e8vement bless\u00e9 dans l&rsquo;accident sur la RN88 <b>est d\u00e9c\u00e9d\u00e9<\/b>.<\/p>\n<p>La victime a succomb\u00e9 \u00e0 ses blessures. Les circonstances de sa sortie de route reste encore \u00e0 d\u00e9terminer.<\/p>\n<p>Mise \u00e0 jour \u00e0 15h30<\/p>\n<p><b>Un conducteur de 25 ans a \u00e9t\u00e9 gri\u00e8vement bless\u00e9<\/b> dans l&rsquo;accident. Sa voiture aurait percut\u00e9 un muret \u00e0 vive allure pr\u00e8s de la sortie n\u00b030.<\/p>\n<p>En arr\u00eat cardio-respiratoire, il a \u00e9t\u00e9 d\u00e9sincarc\u00e9r\u00e9 du v\u00e9hicule par les secours. La victime a \u00e9t\u00e9 \u00e9vacu\u00e9e par le Samu au centre hospitalier de Firminy.<\/p>\n<p>Article initial<\/p>\n<p>Grosse pagaille sur <b>la RN88<\/b> ce jeudi 3 juillet. Depuis 14h30 environ, un accident provoque d&rsquo;importants bouchons dans le sens Saint-\u00c9tienne \/ Le Puy-en-Velay \u00e0 hauteur du <b>Chambon-Feugerolles<\/b>.<\/p>\n<p>La RN88 est coup\u00e9e dans le secteur jusqu&rsquo;\u00e0 nouvel ordre. Les automobilistes doivent obligatoirement emprunter la sortie n\u00b030.<\/p>\n<p>Il est conseill\u00e9 d&rsquo;\u00e9viter le secteur.<\/p>\n<p><img loading=\"lazy\" decoding=\"async\" src=\"https:\/\/www.europesays.com\/fr\/wp-content\/uploads\/2025\/07\/1751680707_427_img\" width=\"350\" height=\"200\" border=\"0\" title=\"Un adolescent gravement bless\u00c3\u00a9 dans un accident en Haute-Loire\"\/><\/p>\n<p>\u25baFaits divers<\/p>\n<p style=\"font-size: 22px;\"><b>Haute-Loire : un adolescent gravement bless\u00e9 dans un accident<\/b><\/p>\n<p>Mercredi 2 juillet, un accident de la route s&rsquo;est&#8230;<\/p>\n<p><\/p>\n","protected":false},"excerpt":{"rendered":"La RN88 a \u00e9t\u00e9 coup\u00e9e ce jeudi apr\u00e8s-midi dans le sens Saint-\u00c9tienne \/ Le Puy-en-Velay \u00e0 hauteur du&hellip;\n","protected":false},"author":2,"featured_media":224231,"comment_status":"","ping_status":"","sticky":false,"template":"","format":"standard","meta":{"footnotes":""},"categories":[9653],"tags":[119,1111,11,2430,7050,23591,1777,674,1011,27,3367,12,25,15292,4001],"class_list":{"0":"post-227034","1":"post","2":"type-post","3":"status-publish","4":"format-standard","5":"has-post-thumbnail","7":"category-saint-etienne","8":"tag-accident","9":"tag-actu","10":"tag-actualites","11":"tag-auvergne-rhone-alpes","12":"tag-bouchons","13":"tag-chambon-feugerolles","14":"tag-eu","15":"tag-europe","16":"tag-fr","17":"tag-france","18":"tag-loire","19":"tag-news","20":"tag-republique-francaise","21":"tag-rn88","22":"tag-saint-etienne"},"share_on_mastodon":{"url":"https:\/\/pubeurope.com\/@fr\/114798153397521353","error":""},"_links":{"self":[{"href":"https:\/\/www.europesays.com\/fr\/wp-json\/wp\/v2\/posts\/227034","targetHints":{"allow":["GET"]}}],"collection":[{"href":"https:\/\/www.europesays.com\/fr\/wp-json\/wp\/v2\/posts"}],"about":[{"href":"https:\/\/www.europesays.com\/fr\/wp-json\/wp\/v2\/types\/post"}],"author":[{"embeddable":true,"href":"https:\/\/www.europesays.com\/fr\/wp-json\/wp\/v2\/users\/2"}],"replies":[{"embeddable":true,"href":"https:\/\/www.europesays.com\/fr\/wp-json\/wp\/v2\/comments?post=227034"}],"version-history":[{"count":0,"href":"https:\/\/www.europesays.com\/fr\/wp-json\/wp\/v2\/posts\/227034\/revisions"}],"wp:featuredmedia":[{"embeddable":true,"href":"https:\/\/www.europesays.com\/fr\/wp-json\/wp\/v2\/media\/224231"}],"wp:attachment":[{"href":"https:\/\/www.europesays.com\/fr\/wp-json\/wp\/v2\/media?parent=227034"}],"wp:term":[{"taxonomy":"category","embeddable":true,"href":"https:\/\/www.europesays.com\/fr\/wp-json\/wp\/v2\/categories?post=227034"},{"taxonomy":"post_tag","embeddable":true,"href":"https:\/\/www.europesays.com\/fr\/wp-json\/wp\/v2\/tags?post=227034"}],"curies":[{"name":"wp","href":"https:\/\/api.w.org\/{rel}","templated":true}]}}