{"id":227035,"date":"2025-07-05T01:59:28","date_gmt":"2025-07-05T01:59:28","guid":{"rendered":"https:\/\/www.europesays.com\/fr\/227035\/"},"modified":"2025-07-05T01:59:28","modified_gmt":"2025-07-05T01:59:28","slug":"nancy-louverture-de-la-maison-des-femmes-a-nouveau-repoussee-voici-la-nouvelle-date","status":"publish","type":"post","link":"https:\/\/www.europesays.com\/fr\/227035\/","title":{"rendered":"Nancy. L&rsquo;ouverture de la maison des femmes \u00e0 nouveau repouss\u00e9e : voici la nouvelle date"},"content":{"rendered":"<p>            Par<br \/>\n        <strong><br \/>\n            <a href=\"https:\/\/actu.fr\/auteur\/pierre-emile-bouchy-actu-fr\" title=\"Consulter tous les articles de Paul-Emile Bouchy\" target=\"_blank\" rel=\"noopener\">Paul-Emile Bouchy<\/a><br \/>\n        <\/strong><\/p>\n<p>        Publi\u00e9 le<\/p>\n<p>            4 juil. 2025 \u00e0 16h26        <\/p>\n<p>Projet phare du mandat municipal de Mathieu Klein, la <a href=\"https:\/\/actu.fr\/grand-est\/nancy_54395\/nancy-cette-maison-ouverte-24h-24-accueillera-les-femmes-victimes-de-violences-conjugales_47006384.html\" target=\"_blank\" rel=\"noopener\">maison des femmes<\/a> de Nancy est une structure qui a l\u2019objectif <strong>d\u2019accueillir des femmes victimes de violences ou de viols 24h\/24<\/strong>, ainsi que leurs enfants.<\/p>\n<p class=\" wall-content\">Alors que son ouverture \u00e9tait <a href=\"https:\/\/actu.fr\/grand-est\/nancy_54395\/nancy-la-maison-des-femmes-prevoit-une-ouverture-en-septembre-2025_61916294.html\" target=\"_blank\" rel=\"noopener\">annonc\u00e9e pour septembre prochain<\/a>, la Ville de Nancy a indiqu\u00e9 que <strong>sa mise en service \u00e9tait \u00e0 nouveau repouss\u00e9e<\/strong>. On vous explique pourquoi.<\/p>\n<p>Un retard li\u00e9 \u00e0 des complications sur les travaux de la maison des femmes<\/p>\n<p class=\" wall-content\">Contact\u00e9e par\u00a0Lorraine Actu,\u00a0la municipalit\u00e9 d\u00e9taille les raisons de ce retard : \u00ab\u00a0Les premiers travaux de d\u00e9molition int\u00e9rieure ont mis en \u00e9vidence <strong>une fragilit\u00e9 des planchers bois du 1\u1d49\u02b3 \u00e9tage ainsi que de la charpente du b\u00e2timent<\/strong>. Il a \u00e9t\u00e9 n\u00e9cessaire de pr\u00e9voir un renforcement des diff\u00e9rents \u00e9l\u00e9ments structurant du b\u00e2timent. La mise en \u0153uvre de ces travaux a dur\u00e9 <strong>7 semaines occasionnant un d\u00e9calage du planning<\/strong>.\u00a0\u00bb<\/p>\n<p class=\" wall-content\">Une autre cause de ce retard concerne <strong>la fixation de la couverture v\u00e9g\u00e9tale sur l\u2019extension r\u00e9alis\u00e9e au 1\u1d49\u02b3 \u00e9tage<\/strong> \u00ab\u00a0qui n\u00e9cessite des accroches sp\u00e9cifiques qui ont pos\u00e9 des probl\u00e8mes de production\u00a0\u00bb. Cela remettant en cause l\u2019\u00e9tanch\u00e9it\u00e9 du b\u00e2timent, le choix a \u00e9t\u00e9 fait \u00ab\u00a0de modifier la couverture uniquement sur cette extension, sans remettre en question l\u2019esth\u00e9tisme du b\u00e2timent, ni la destination des locaux, ni son isolation\u00a0\u00bb, d\u2019apr\u00e8s la Ville.<\/p>\n<p class=\" wall-content\">Le temps de finaliser ces travaux, <strong>l\u2019ouverture de la maison des femmes est d\u00e9sormais pr\u00e9vue pour d\u00e9but novembre<\/strong>.<\/p>\n<p>Vid\u00e9os : en ce moment sur Actu<\/p>\n<p class=\" wall-content\">Suivez toute l\u2019actualit\u00e9 de vos villes et m\u00e9dias favoris en vous inscrivant \u00e0 <a href=\"https:\/\/moncompte.actu.fr\" title=\"D\u00e9couvez Mon Actu\" rel=\"nofollow noopener\" data-trk=\"{&quot;cta&quot;:{&quot;action&quot;:&quot;https:\\\/\\\/moncompte.actu.fr&quot;,&quot;category&quot;:&quot;mon compte&quot;,&quot;from&quot;:&quot;article footer&quot;,&quot;name&quot;:&quot;Mon actu&quot;,&quot;type&quot;:&quot;cta&quot;}}\" target=\"_blank\">Mon Actu<\/a>.<\/p>\n<ul class=\"ac-article-tag wall-content\">\n<li><a href=\"https:\/\/actu.fr\/tag\/violences-conjugales\" data-trk=\"{&quot;cta&quot;:{&quot;action&quot;:&quot;Violences conjugales&quot;,&quot;category&quot;:&quot;tag&quot;,&quot;from&quot;:&quot;article footer&quot;,&quot;name&quot;:&quot;Violences conjugales&quot;,&quot;type&quot;:&quot;cta&quot;}}\" target=\"_blank\" rel=\"noopener\">#Violences conjugales<\/a><\/li>\n<li><a href=\"https:\/\/actu.fr\/tag\/violences-sexuelles\" data-trk=\"{&quot;cta&quot;:{&quot;action&quot;:&quot;Violences sexuelles&quot;,&quot;category&quot;:&quot;tag&quot;,&quot;from&quot;:&quot;article footer&quot;,&quot;name&quot;:&quot;Violences sexuelles&quot;,&quot;type&quot;:&quot;cta&quot;}}\" target=\"_blank\" rel=\"noopener\">#Violences sexuelles<\/a><\/li>\n<\/ul>\n","protected":false},"excerpt":{"rendered":"Par Paul-Emile Bouchy Publi\u00e9 le 4 juil. 2025 \u00e0 16h26 Projet phare du mandat municipal de Mathieu Klein,&hellip;\n","protected":false},"author":2,"featured_media":227036,"comment_status":"","ping_status":"","sticky":false,"template":"","format":"standard","meta":{"footnotes":""},"categories":[9635],"tags":[1111,11,1777,674,1011,27,775,1702,12,25,104,798,799],"class_list":{"0":"post-227035","1":"post","2":"type-post","3":"status-publish","4":"format-standard","5":"has-post-thumbnail","7":"category-nancy","8":"tag-actu","9":"tag-actualites","10":"tag-eu","11":"tag-europe","12":"tag-fr","13":"tag-france","14":"tag-grand-est","15":"tag-nancy","16":"tag-news","17":"tag-republique-francaise","18":"tag-societe","19":"tag-violences-conjugales","20":"tag-violences-sexuelles"},"share_on_mastodon":{"url":"https:\/\/pubeurope.com\/@fr\/114798157101227187","error":""},"_links":{"self":[{"href":"https:\/\/www.europesays.com\/fr\/wp-json\/wp\/v2\/posts\/227035","targetHints":{"allow":["GET"]}}],"collection":[{"href":"https:\/\/www.europesays.com\/fr\/wp-json\/wp\/v2\/posts"}],"about":[{"href":"https:\/\/www.europesays.com\/fr\/wp-json\/wp\/v2\/types\/post"}],"author":[{"embeddable":true,"href":"https:\/\/www.europesays.com\/fr\/wp-json\/wp\/v2\/users\/2"}],"replies":[{"embeddable":true,"href":"https:\/\/www.europesays.com\/fr\/wp-json\/wp\/v2\/comments?post=227035"}],"version-history":[{"count":0,"href":"https:\/\/www.europesays.com\/fr\/wp-json\/wp\/v2\/posts\/227035\/revisions"}],"wp:featuredmedia":[{"embeddable":true,"href":"https:\/\/www.europesays.com\/fr\/wp-json\/wp\/v2\/media\/227036"}],"wp:attachment":[{"href":"https:\/\/www.europesays.com\/fr\/wp-json\/wp\/v2\/media?parent=227035"}],"wp:term":[{"taxonomy":"category","embeddable":true,"href":"https:\/\/www.europesays.com\/fr\/wp-json\/wp\/v2\/categories?post=227035"},{"taxonomy":"post_tag","embeddable":true,"href":"https:\/\/www.europesays.com\/fr\/wp-json\/wp\/v2\/tags?post=227035"}],"curies":[{"name":"wp","href":"https:\/\/api.w.org\/{rel}","templated":true}]}}