{"id":227037,"date":"2025-07-05T02:00:25","date_gmt":"2025-07-05T02:00:25","guid":{"rendered":"https:\/\/www.europesays.com\/fr\/227037\/"},"modified":"2025-07-05T02:00:25","modified_gmt":"2025-07-05T02:00:25","slug":"nancyphonies-tango-avec-carmela-delgado-et-franck-masquelier","status":"publish","type":"post","link":"https:\/\/www.europesays.com\/fr\/227037\/","title":{"rendered":"Nancyphonies Tango avec Carmela Delgado et Franck Masquelier"},"content":{"rendered":"<p>\u00ab\u00a0En Argentine, il n\u2019y a pas pire chose que de changer le tango. On peut tout changer sauf le tango. Le tango est comme une religion. Mais par chance, je l\u2019ai chang\u00e9\u00a0\u00bb. Ainsi parle le grand compositeur argentin Astor Piazzolla. La bandon\u00e9oniste Carmela Delgado et le fl\u00fbtiste Franck Masquelier alterneront des m\u00e9lodies enivrantes avec des anecdotes sur ce grand g\u00e9nie argentin, qui \u00e9voque l\u2019univers fascinant du tango avec une \u00e9motion intime et bouleversante. Le son envo\u00fbtant du bandon\u00e9on saisit les c\u0153urs quand la fl\u00fbte \u00e9voque les volutes des corps enlac\u00e9s.<\/p>\n<p class=\"note\">Dimanche 6\u00a0juillet, \u00e0 17\u00a0h, \u00e0 l\u2019\u00e9glise Saint-Lambert, 7, place de l\u2019\u00c9glise, \u00e0 Seichamps. Entr\u00e9e libre.<\/p>\n","protected":false},"excerpt":{"rendered":"\u00ab\u00a0En Argentine, il n\u2019y a pas pire chose que de changer le tango. On peut tout changer sauf&hellip;\n","protected":false},"author":2,"featured_media":227038,"comment_status":"","ping_status":"","sticky":false,"template":"","format":"standard","meta":{"footnotes":""},"categories":[9635],"tags":[1111,11,1687,1704,1777,674,1011,27,775,11362,873,1702,12,25,13654],"class_list":{"0":"post-227037","1":"post","2":"type-post","3":"status-publish","4":"format-standard","5":"has-post-thumbnail","7":"category-nancy","8":"tag-actu","9":"tag-actualites","10":"tag-culture-loisirs","11":"tag-edition-nancy-et-agglomeration","12":"tag-eu","13":"tag-europe","14":"tag-fr","15":"tag-france","16":"tag-grand-est","17":"tag-metropole-du-grand-nancy-54b3","18":"tag-musique","19":"tag-nancy","20":"tag-news","21":"tag-republique-francaise","22":"tag-seichamps"},"share_on_mastodon":{"url":"https:\/\/pubeurope.com\/@fr\/114798160960911560","error":""},"_links":{"self":[{"href":"https:\/\/www.europesays.com\/fr\/wp-json\/wp\/v2\/posts\/227037","targetHints":{"allow":["GET"]}}],"collection":[{"href":"https:\/\/www.europesays.com\/fr\/wp-json\/wp\/v2\/posts"}],"about":[{"href":"https:\/\/www.europesays.com\/fr\/wp-json\/wp\/v2\/types\/post"}],"author":[{"embeddable":true,"href":"https:\/\/www.europesays.com\/fr\/wp-json\/wp\/v2\/users\/2"}],"replies":[{"embeddable":true,"href":"https:\/\/www.europesays.com\/fr\/wp-json\/wp\/v2\/comments?post=227037"}],"version-history":[{"count":0,"href":"https:\/\/www.europesays.com\/fr\/wp-json\/wp\/v2\/posts\/227037\/revisions"}],"wp:featuredmedia":[{"embeddable":true,"href":"https:\/\/www.europesays.com\/fr\/wp-json\/wp\/v2\/media\/227038"}],"wp:attachment":[{"href":"https:\/\/www.europesays.com\/fr\/wp-json\/wp\/v2\/media?parent=227037"}],"wp:term":[{"taxonomy":"category","embeddable":true,"href":"https:\/\/www.europesays.com\/fr\/wp-json\/wp\/v2\/categories?post=227037"},{"taxonomy":"post_tag","embeddable":true,"href":"https:\/\/www.europesays.com\/fr\/wp-json\/wp\/v2\/tags?post=227037"}],"curies":[{"name":"wp","href":"https:\/\/api.w.org\/{rel}","templated":true}]}}