{"id":227043,"date":"2025-07-05T02:04:11","date_gmt":"2025-07-05T02:04:11","guid":{"rendered":"https:\/\/www.europesays.com\/fr\/227043\/"},"modified":"2025-07-05T02:04:11","modified_gmt":"2025-07-05T02:04:11","slug":"au-coeur-de-limaginaire-mediterraneen-avec-robert-combas","status":"publish","type":"post","link":"https:\/\/www.europesays.com\/fr\/227043\/","title":{"rendered":"au coeur de l&rsquo;imaginaire m\u00e9diterran\u00e9en avec Robert Combas"},"content":{"rendered":"<p>            Par<br \/>\n        <strong><br \/>\n            <a href=\"https:\/\/actu.fr\/auteur\/t-delbreil\" title=\"Consulter tous les articles de Th\u00e9o Delbreil\" rel=\"nofollow noopener\" target=\"_blank\">Th\u00e9o Delbreil<\/a><br \/>\n        <\/strong><\/p>\n<p>        Publi\u00e9 le<\/p>\n<p>            4 juil. 2025 \u00e0 21h15        <\/p>\n<p>Peintures, sculptures, gravures, po\u00e9sie et m\u00eame mobiliers, ce sont les oeuvres qui vont d\u00e9corer l\u2019<strong>espace Mich\u00e8le Goalard<\/strong> \u00e0 <strong>La Grande-Motte<\/strong>, de ce samedi\u00a0<strong>5 juillet au 17 ao\u00fbt 2025<\/strong>. Cette <strong>exposition<\/strong> r\u00e9alis\u00e9e par l\u2019artiste embl\u00e9matique associ\u00e9 au mouvement de la <strong>Figuration Libre<\/strong>, <strong>Robert Combas<\/strong>, elle s\u2019inscrit dans le prolongement de la collaboration artistique initi\u00e9e en 2024 par la ville.\u00a0<\/p>\n<p>    <a href=\"https:\/\/www.google.com\/maps\/embed?pb=!1m18!1m12!1m3!1d16322.916251007066!2d4.079293040595856!3d43.56129225233936!2m3!1f0!2f0!3f0!3m2!1i1024!2i768!4f13.1!3m3!1m2!1s0x12b697ab216a5227%3A0xb751dd304363c019!2sSalle%20Mich%C3%A8le%20GOALARD!5e0!3m2!1sfr!2sfr!4v1751463782576!5m2!1sfr!2sfr\" title=\"Ouvrie le lien\" rel=\"nofollow noopener\" target=\"_blank\">Cliquez ici pour visualiser le contenu<\/a><\/p>\n<p>Des oeuvres inspir\u00e9es du sud, de la mer et de la nature<\/p>\n<p class=\" wall-content\">Intitul\u00e9e <strong>\u00ab\u00a0Il y a\u2026 le ciel, le soleil\u2026 et le reste\u00a0\u00bb<\/strong>, cette exposition d\u00e9voile une s\u00e9lection d\u2019oeuvres riches et vari\u00e9es, allant de peintures \u00e0 des photographies, en passant par du dessin et des sculptures, avec notamment plusieurs marines, un genre d\u2019art figuratif, sp\u00e9cialement r\u00e9alis\u00e9es pour <strong>La Grande-Motte<\/strong>.\u00a0<\/p>\n<p class=\" wall-content\">Pour r\u00e9aliser cette exposition, Robert Combas s\u2019est inspir\u00e9 du sud, de la nature et de la mer pour repr\u00e9senter une s\u00e9rie d\u2019oeuvres foisonnante, \u00ab \u00e0 la fronti\u00e8re du r\u00eave et de\u00a0l\u2019engagement \u00bb, interpr\u00e8te l\u2019artiste. Fid\u00e8le \u00e0 sa d\u00e9marche instinctive, la fondateur de la Figuration Libre cr\u00e9\u00e9 un <strong>marathon d\u2019images<\/strong> qui oscillent entre humour, provocation, po\u00e9sie, et qui fait \u00e9cho \u00e0 l\u2019esprit libre de La Grande-Motte.<\/p>\n<p class=\" wall-content\">Pour le maire de la ville, <strong>St\u00e9phan Rossignol<\/strong>, cette exposition correspond \u00e0 \u00ab un hymne \u00e0 l\u2019audace et \u00e0 la cr\u00e9ativit\u00e9. \u00bb<\/p>\n<p>Vid\u00e9os : en ce moment sur ActuRobert Combas, une figure libre<\/p>\n<p class=\" wall-content\">N\u00e9 \u00e0 Lyon, l\u2019homme de 67 ans a grandi \u00e0 S\u00e8te et a fait ses \u00e9tudes \u00e0 l\u2019<strong>\u00e9cole sup\u00e9rieure des Beaux-Arts de Montpellier.<\/strong> Gr\u00e2ce \u00e0 <strong>Bernard Ceysson<\/strong>, le directeur des Beaux-Arts de Saint-Etienne qu\u2019il rencontre en 1980, Robert Combas participe \u00e0 l\u2019exposition fondatrice \u00ab\u00a0Apr\u00e8s le classicisme\u00a0\u00bb au Mus\u00e9e d\u2019Art et d\u2019Industrie de cette m\u00eame ville. C\u2019est \u00e0 ce moment que le public d\u00e9couvre son esth\u00e9tique picturale proche de l\u2019art brut, qui m\u00e9lange graffitis, dessins dr\u00f4les et pop arabe.\u00a0<\/p>\n<p class=\" wall-content\">En 1981, il s\u2019installe \u00e0 Paris et d\u00e8s le d\u00e9but de cette d\u00e9cennie, il s\u2019impose comme l\u2019initiateur du mouvement de la Figuration Libre, un mouvement qui se caract\u00e9rise par une <strong>forte expression de soi<\/strong> de la part des artiste \u00e0 une \u00e9poque o\u00f9 l\u2019art conceptuel dominait la sc\u00e8ne de l\u2019art contemporain. Tout au long de sa carri\u00e8re, Robert Combas utilisent tous les supports pour exprimer son art et encha\u00eene les expositions en France et \u00e0 l\u2019\u00e9tranger. \u00c0 partir de ce samedi 5 juillet, il revient dans l\u2019H\u00e9rault, le d\u00e9partement o\u00f9 il a grandi. Il y a le ciel, le soleil et\u2026 La Grande-Motte !<\/p>\n<p class=\" wall-content\">Suivez toute l\u2019actualit\u00e9 de vos villes et m\u00e9dias favoris en vous inscrivant \u00e0 <a href=\"https:\/\/moncompte.actu.fr\" title=\"D\u00e9couvez Mon Actu\" rel=\"nofollow noopener\" data-trk=\"{&quot;cta&quot;:{&quot;action&quot;:&quot;https:\\\/\\\/moncompte.actu.fr&quot;,&quot;category&quot;:&quot;mon compte&quot;,&quot;from&quot;:&quot;article footer&quot;,&quot;name&quot;:&quot;Mon actu&quot;,&quot;type&quot;:&quot;cta&quot;}}\" target=\"_blank\">Mon Actu<\/a>.<\/p>\n","protected":false},"excerpt":{"rendered":"Par Th\u00e9o Delbreil Publi\u00e9 le 4 juil. 2025 \u00e0 21h15 Peintures, sculptures, gravures, po\u00e9sie et m\u00eame mobiliers, ce&hellip;\n","protected":false},"author":2,"featured_media":227044,"comment_status":"","ping_status":"","sticky":false,"template":"","format":"standard","meta":{"footnotes":""},"categories":[9599],"tags":[1111,11,1777,674,1349,1011,27,1652,2208,12,2680,25],"class_list":{"0":"post-227043","1":"post","2":"type-post","3":"status-publish","4":"format-standard","5":"has-post-thumbnail","7":"category-montpellier","8":"tag-actu","9":"tag-actualites","10":"tag-eu","11":"tag-europe","12":"tag-expositions","13":"tag-fr","14":"tag-france","15":"tag-loisirs-culture","16":"tag-montpellier","17":"tag-news","18":"tag-occitanie","19":"tag-republique-francaise"},"share_on_mastodon":{"url":"https:\/\/pubeurope.com\/@fr\/114798176705993855","error":""},"_links":{"self":[{"href":"https:\/\/www.europesays.com\/fr\/wp-json\/wp\/v2\/posts\/227043","targetHints":{"allow":["GET"]}}],"collection":[{"href":"https:\/\/www.europesays.com\/fr\/wp-json\/wp\/v2\/posts"}],"about":[{"href":"https:\/\/www.europesays.com\/fr\/wp-json\/wp\/v2\/types\/post"}],"author":[{"embeddable":true,"href":"https:\/\/www.europesays.com\/fr\/wp-json\/wp\/v2\/users\/2"}],"replies":[{"embeddable":true,"href":"https:\/\/www.europesays.com\/fr\/wp-json\/wp\/v2\/comments?post=227043"}],"version-history":[{"count":0,"href":"https:\/\/www.europesays.com\/fr\/wp-json\/wp\/v2\/posts\/227043\/revisions"}],"wp:featuredmedia":[{"embeddable":true,"href":"https:\/\/www.europesays.com\/fr\/wp-json\/wp\/v2\/media\/227044"}],"wp:attachment":[{"href":"https:\/\/www.europesays.com\/fr\/wp-json\/wp\/v2\/media?parent=227043"}],"wp:term":[{"taxonomy":"category","embeddable":true,"href":"https:\/\/www.europesays.com\/fr\/wp-json\/wp\/v2\/categories?post=227043"},{"taxonomy":"post_tag","embeddable":true,"href":"https:\/\/www.europesays.com\/fr\/wp-json\/wp\/v2\/tags?post=227043"}],"curies":[{"name":"wp","href":"https:\/\/api.w.org\/{rel}","templated":true}]}}